{"id":8376,"date":"2016-05-04T13:22:25","date_gmt":"2016-05-04T10:22:25","guid":{"rendered":"http:\/\/realitatearutiera.ro\/?p=8376"},"modified":"2016-05-04T13:22:25","modified_gmt":"2016-05-04T10:22:25","slug":"s-a-urcat-beat-la-volan-si-a-provocat-un-accident-in-lant","status":"publish","type":"post","link":"https:\/\/realitatearutiera.ro\/?p=8376","title":{"rendered":"S-a urcat BEAT la volan \u015fi a provocat un accident \u00een lan\u0163."},"content":{"rendered":"<p>Un \u015fofer \u00een v\u00e2rst\u0103 de 21 de ani, care era \u00een u\u015foar\u0103 stare de ebrietate, a provocat un accident \u00een municipiul Suceava, \u00een prima zi de Pa\u015fte, dup\u0103 ce\u00a0 ar fi for\u0163at intrarea pe bulevardul George Enescu. Evenimentul rutier s-a produs \u00een jurul orei 22.20.<\/p>\n<p>\u015eoferul de 21 de ani, David Moro\u015fan, domiciliat \u00een Vama, conducea un VW Golf pe strada Zorilor, dinspre Biotest. Din ancheta efectuat\u0103 de poli\u0163i\u015ftii rutieri rezult\u0103 c\u0103 acesta nu a respectat semnifica\u021bia culorii ro\u0219ii a semaforului electric, mai exact a ignorat faptul c\u0103 nu mai avea verde, \u015fi a p\u0103truns pe bulevard. Aici, ma\u015fina a intrat \u00een coliziune cu un alt VW Golf, condus regulamentar de un t\u00e2n\u0103r de 19 ani, Florin C., din municipiul Suceava. \u00cen urma impactului, al doilea VW a fost proiectat pe sens opus, unde a intrat \u00een coliziune frontal\u0103 cu un autoturism Opel Astra, condus regulamentar, dinspre Nordic, de un \u015fofer \u00een v\u00e2rst\u0103 de 28 de ani.<\/p>\n<p>\u015eoferul care, conform anchetei poli\u0163iei, a provocat accidentul deoarece a p\u0103truns \u00een intersec\u0163ie pe culoarea ro\u015fie a semaforului, a \u00eencercat s\u0103 se disculpe.<\/p>\n<p>David Moro\u015fan a declarat: \u201cS-a \u00eent\u00e2mplat, asta este, eu mai aveam 5 secunde la semafor pe verde \u015fi am ie\u015fit, am zis c\u0103 am timp. El (n.r. \u015foferul celuilalt VW) s-a b\u0103gat \u00een mine\u201d. T\u00e2n\u0103rul, al\u0103turi de care se mai aflau \u00een ma\u015fin\u0103 so\u0163ia sa, cumnata \u015fi nepotul, a recunoscut c\u0103 a consumat alcool: \u00a0\u201cAm consumat un pic de bere, vreo trei pahare de bere\u201d, a declarat t\u00e2n\u0103rul.\u00a0 Testul cu aparatul etilotest a confirmat c\u0103 acesta a b\u0103ut, este adev\u0103rat, nu foarte mult.<\/p>\n<p>Poli\u0163i\u015ftii au precizat, \u00eentr-un comunicat de pres\u0103, c\u0103 to\u0163i cei trei \u015foferi implica\u0163i \u00een accident au fost verifica\u0163i cu aparatul etilotest. \u00cen cazul a doi dintre ei a rezultat alcoolemie 0, \u00een timp ce la \u015foferul din Vama a rezultat concentra\u0163ia de 0,24 miligrame per litru alcool pur \u00een aerul expirat.<\/p>\n<p>Din fericire, accidentul nu a avut consecin\u0163e grave, fiind r\u0103nit u\u015for doar \u015foferul \u00een v\u00e2rst\u0103 de 19 ani care se deplasa regulamentar.<\/p>\n","protected":false},"excerpt":{"rendered":"<p>Un \u015fofer \u00een v\u00e2rst\u0103 de 21 de ani, care era \u00een u\u015foar\u0103 stare de ebrietate, a provocat un accident \u00een<\/p>\n","protected":false},"author":1,"featured_media":7039,"comment_status":"open","ping_status":"open","sticky":false,"template":"","format":"standard","meta":{"spay_email":"","footnotes":"","jetpack_publicize_message":""},"categories":[1],"tags":[],"class_list":["post-8376","post","type-post","status-publish","format-standard","has-post-thumbnail","hentry","category-uncategorized"],"jetpack_featured_media_url":"https:\/\/i1.wp.com\/realitatearutiera.ro\/wp-content\/uploads\/2016\/02\/accident-punctele-cardinale-noaptea-3.jpg?fit=700%2C525&ssl=1","jetpack_publicize_connections":[],"jetpack_sharing_enabled":true,"jetpack_shortlink":"https:\/\/wp.me\/p61naM-2b6","jetpack-related-posts":[],"_links":{"self":[{"href":"https:\/\/realitatearutiera.ro\/index.php?rest_route=\/wp\/v2\/posts\/8376","targetHints":{"allow":["GET"]}}],"collection":[{"href":"https:\/\/realitatearutiera.ro\/index.php?rest_route=\/wp\/v2\/posts"}],"about":[{"href":"https:\/\/realitatearutiera.ro\/index.php?rest_route=\/wp\/v2\/types\/post"}],"author":[{"embeddable":true,"href":"https:\/\/realitatearutiera.ro\/index.php?rest_route=\/wp\/v2\/users\/1"}],"replies":[{"embeddable":true,"href":"https:\/\/realitatearutiera.ro\/index.php?rest_route=%2Fwp%2Fv2%2Fcomments&post=8376"}],"version-history":[{"count":1,"href":"https:\/\/realitatearutiera.ro\/index.php?rest_route=\/wp\/v2\/posts\/8376\/revisions"}],"predecessor-version":[{"id":8377,"href":"https:\/\/realitatearutiera.ro\/index.php?rest_route=\/wp\/v2\/posts\/8376\/revisions\/8377"}],"wp:featuredmedia":[{"embeddable":true,"href":"https:\/\/realitatearutiera.ro\/index.php?rest_route=\/wp\/v2\/media\/7039"}],"wp:attachment":[{"href":"https:\/\/realitatearutiera.ro\/index.php?rest_route=%2Fwp%2Fv2%2Fmedia&parent=8376"}],"wp:term":[{"taxonomy":"category","embeddable":true,"href":"https:\/\/realitatearutiera.ro\/index.php?rest_route=%2Fwp%2Fv2%2Fcategories&post=8376"},{"taxonomy":"post_tag","embeddable":true,"href":"https:\/\/realitatearutiera.ro\/index.php?rest_route=%2Fwp%2Fv2%2Ftags&post=8376"}],"curies":[{"name":"wp","href":"https:\/\/api.w.org\/{rel}","templated":true}]}}