{"id":83820,"date":"2022-03-01T08:59:41","date_gmt":"2022-03-01T06:59:41","guid":{"rendered":"http:\/\/realitatearutiera.ro\/?p=83820"},"modified":"2022-03-01T08:59:47","modified_gmt":"2022-03-01T06:59:47","slug":"traditii-de-1-martie","status":"publish","type":"post","link":"https:\/\/realitatearutiera.ro\/?p=83820","title":{"rendered":"Tradi\u0163ii de 1 Martie"},"content":{"rendered":"\n<figure class=\"wp-block-image\"><img decoding=\"async\" src=\"https:\/\/i1.wp.com\/storage0.dms.mpinteractiv.ro\/media\/1\/1\/4728\/20566435\/7\/a00de7fb-41b2-4f46-b10e-66ab8c4acfd9.jpg?w=800&#038;ssl=1\" alt=\"\" data-recalc-dims=\"1\"\/><\/figure>\n\n\n\n<p>S\u0103rb\u0103toarea popular\u0103 de la 1 Martie veste\u015fte sosirea acestui anotimp \u015fi, odat\u0103 cu aceasta, rena\u015fterea naturii \u015fi revenirea la via\u0163\u0103.  <\/p>\n\n\n\n<p> M\u0103r\u0163i\u015forul, oferit \u00een dar la data de 1 Martie a fiec\u0103rui an, reprezint\u0103 un fel de calendar simbolic, realizat dintr-un \u015fnur bicolor, care adun\u0103 zilele, s\u0103pt\u0103m\u00e2nile \u015fi lunile anului \u00een dou\u0103 anotimpuri: iarn\u0103 \u015fi var\u0103. M\u0103r\u0163i\u015forul este o mic\u0103 podoab\u0103 legat\u0103 de un \u015fnur \u00eempletit dintr-un fir alb \u015fi unul ro\u015fu. Femeile \u015fi fetele primesc m\u0103r\u0163i\u015foare \u015fi le poart\u0103 pe durata lunii martie, ca semn al sosirii prim\u0103verii. \u00cempreun\u0103 cu m\u0103r\u0163i\u015forul se ofer\u0103 adesea \u015fi flori timpurii de prim\u0103var\u0103, cea mai reprezentativ\u0103 fiind ghiocelul. \u00a0 <\/p>\n\n\n\n<p>Se spune c\u0103 persoana care poart\u0103 un m\u0103r\u0163i\u015for este ferit\u0103 de rele \u015fi \u00eei merge bine tot anul. M\u0103r\u0163i\u015forul se poate purta la m\u00e2n\u0103, la g\u00e2t ori pe reverul hainei. \u00cen unele regiuni ale \u0163\u0103rii m\u0103r\u0163i\u015foarele sunt oferite inclusiv b\u0103rba\u0163ilor. \u00a0<\/p>\n\n\n\n<p> Legenda spune c\u0103 firul ro\u015fu se \u00eemplete\u015fte cu firul alb, pentru c\u0103 reprezint\u0103 \u00eembinarea iernii cu prim\u0103vara. \u00cen vremea dacilor, m\u0103r\u0163i\u015foarele erau considerate amulete cu puteri de protec\u0163ie solar\u0103, ce aduc frumuse\u0163e \u015fi fertilitate, erau purtate p\u00e2n\u0103 c\u00e2nd \u00eenfloreau copacii \u015fi apoi erau ag\u0103\u0163ate de crengile acestora.<\/p>\n\n\n\n<p> \u00a0 \u201eCombina\u0163ia de alb \u015fi ro\u015fu nu este altceva dec\u00e2t expresia vizual\u0103 a rela\u0163iei dintre om \u015fi mediu sau via\u0163\u0103. Albul reprezint\u0103 lumina, puritatea, candoarea, iar ro\u015ful &#8211; via\u0163a, fiind expresia s\u00e2ngelui, deci pulsare, vitalitate \u015fi, \u00eentotdeauna, tinere\u0163e. \u00cen firul m\u0103r\u0163i\u015forului se \u00eempletesc cele dou\u0103 semnifica\u0163ii &#8211; lumina \u015fi via\u0163a. Femeia care \u00eempletea, de obicei, transmitea \u015fnurului, implicit celui care urma s\u0103 \u00eel poarte, acest tip de convingere &#8211; c\u0103 \u00abva avea rod\u00bb. \u015ei acest lucru nu se referea doar la na\u015fterea de prunci, ci la succes, la \u00eemplinire, la realizare\u201c, explic\u0103 Doina I\u015ffanoni, cercet\u0103tor \u015ftiin\u0163ific la Muzeul Satului din Capital\u0103. \u00a0 <\/p>\n\n\n\n<p>C\u00e2nd se d\u0103ruie\u015fte <\/p>\n\n\n\n<p>\u00a0 Tradi\u0163ia popular\u0103 aminte\u015fte care este momentul cel mai prielnic pentru d\u0103ruirea m\u0103r\u0163i\u015forului, dar \u015fi c\u00e2t trebuie el purtat. Trebuie pus \u00eenainte de a te da jos din pat deoarece e bine s\u0103 fii protejat \u015fi s\u0103 ai noroc tot anul. \u00a0<\/p>\n\n\n\n<p> \u201eSe spune c\u0103 Dochia ar fi tors pentru prima dat\u0103 firul alb \u015fi rosu, simboliz\u00e2nd, \u00een acest fel, torsul timpului, deci un tors cu virtu\u0163i ritualice. Pentru c\u0103 putem \u00eempleti firul m\u0103r\u0163i\u015forului \u00een orice alt moment din an, dar dac\u0103 nu este \u00een timpul consacrat, acest lucru nu are nicio valoare \u015fi nicio virtute. De obicei, m\u0103r\u0163i\u015forul se poart\u0103 9 zile; \u00een unele zone ale \u0163\u0103rii acesta se poart\u0103 p\u00e2n\u0103 c\u00e2nd \u00eenfloresc pomii, iar \u00een altele p\u00e2n\u0103 c\u00e2nd \u00eenfloresc bujorii.\u00a0\u00a0 \u00a0 <\/p>\n\n\n\n<p>Exist\u0103 credin\u0163a conform c\u0103reia m\u0103r\u0163i\u015forul trebuie l\u0103sat pe ceva care s\u0103-i transfere calit\u0103\u0163ile celui care l-a purtat. Astfel, el nu se \u00ableap\u0103d\u0103\u00bb oricum, deoarece acolo, \u00ab\u00eenchis\u00bb \u00een m\u0103r\u0163i\u015for, se afl\u0103 o parte din norocul t\u0103u. A\u015fa c\u0103 fetele \u00ee\u015fi l\u0103sau m\u0103r\u0163i\u015foarele pe flori pentru a fi ro\u015fii \u00een obraji ca ele. Dup\u0103 cele nou\u0103 zile dedicate purt\u0103rii m\u0103r\u0163i\u015forului, vin Mucenicii\u201c, spune Doina I\u015ffanoni. \u00a0<\/p>\n\n\n\n<p> Zeitate feminin\u0103 autohton\u0103 \u00a0 <\/p>\n\n\n\n<p>Totodat\u0103, din 1 martie \u015fi p\u00e2n\u0103 \u00een 9 martie se aleg babele, iar cum va fi vremea \u00een ziua aceea, a\u015fa va fi \u015fi anul celui care \u015fi-a ales-o. \u00cenceputul prim\u0103verii este str\u00e2ns legat de momentul mor\u0163ii \u015fi na\u015fterii simbolice a unei zeit\u0103\u0163i feminine autohtone: Baba Dochia. Pentru partea Munteniei \u015fi Moldovei, spun etnologii, Baba Dochia este un personaj foarte aprig, o femeie rea, care tot timpul o ceart\u0103 pe nora ei, oblig\u00e2nd-o la tot felul de activit\u0103\u0163i imposibil de realizat \u00een condi\u0163ii normale. De exemplu, s\u0103 spele o l\u00e2n\u0103 alb\u0103 p\u00e2n\u0103 devine neagr\u0103 \u015fi una neagr\u0103 p\u00e2n\u0103 devine alb\u0103. <\/p>\n\n\n\n<p>\u00a0 Exist\u0103 \u015fi alte variante ale mitului Babei Dochia, una dintre ele fiind \u201eTraian \u015fi Dochia\u201c, despre care criticul literar George C\u0103linescu spunea c\u0103 este \u201erezultatul unei \u00eentregi experien\u0163e de via\u0163\u0103 a poporului rom\u00e2n\u201c. Se spune c\u0103 Dochia ar fi fost fiica regelui dac Decebal, care s-a \u00eendr\u0103gostit de Traian, cuceritorul Daciei. Urm\u0103rit\u0103 fiind de trupele lui Traian, ea se ascunde pe muntele sacru, Ceahl\u0103u, \u00eempreun\u0103 cu oile. Este ajutat\u0103 de Maica Domnului, care o transform\u0103 \u00eempreun\u0103 cu turma sa \u00eentr-un complex de st\u00e2nci, mai spune legenda. \u00a0<\/p>\n\n\n\n<p> \u00cen vechile obiceiuri rom\u00e2ne\u015fti, de 1 Martie nu se muncea, \u00een caz contrar Baba Dochia aduc\u00e2nd vreme friguroas\u0103 \u00een urm\u0103toarele zile ale lui M\u0103r\u0163i\u015for sau necazuri, mai ales asupra femeilor. Ziua de 9 martie, c\u00e2nd ar fi murit Dochia, este considerat\u0103 grani\u0163a dintre anotimpul friguros \u015fi cel c\u0103lduros.<\/p>\n\n\n\n<p>Sursa:adevrul<\/p>\n","protected":false},"excerpt":{"rendered":"<p>S\u0103rb\u0103toarea popular\u0103 de la 1 Martie veste\u015fte sosirea acestui anotimp \u015fi, odat\u0103 cu aceasta, rena\u015fterea naturii \u015fi revenirea la via\u0163\u0103.<\/p>\n","protected":false},"author":1,"featured_media":83821,"comment_status":"open","ping_status":"closed","sticky":false,"template":"","format":"standard","meta":{"spay_email":"","footnotes":"","jetpack_publicize_message":""},"categories":[6],"tags":[],"class_list":["post-83820","post","type-post","status-publish","format-standard","has-post-thumbnail","hentry","category-social"],"jetpack_featured_media_url":"https:\/\/i0.wp.com\/realitatearutiera.ro\/wp-content\/uploads\/2022\/03\/1-martie.jpg?fit=309%2C206&ssl=1","jetpack_publicize_connections":[],"jetpack_sharing_enabled":true,"jetpack_shortlink":"https:\/\/wp.me\/p61naM-lNW","jetpack-related-posts":[],"_links":{"self":[{"href":"https:\/\/realitatearutiera.ro\/index.php?rest_route=\/wp\/v2\/posts\/83820","targetHints":{"allow":["GET"]}}],"collection":[{"href":"https:\/\/realitatearutiera.ro\/index.php?rest_route=\/wp\/v2\/posts"}],"about":[{"href":"https:\/\/realitatearutiera.ro\/index.php?rest_route=\/wp\/v2\/types\/post"}],"author":[{"embeddable":true,"href":"https:\/\/realitatearutiera.ro\/index.php?rest_route=\/wp\/v2\/users\/1"}],"replies":[{"embeddable":true,"href":"https:\/\/realitatearutiera.ro\/index.php?rest_route=%2Fwp%2Fv2%2Fcomments&post=83820"}],"version-history":[{"count":1,"href":"https:\/\/realitatearutiera.ro\/index.php?rest_route=\/wp\/v2\/posts\/83820\/revisions"}],"predecessor-version":[{"id":83822,"href":"https:\/\/realitatearutiera.ro\/index.php?rest_route=\/wp\/v2\/posts\/83820\/revisions\/83822"}],"wp:featuredmedia":[{"embeddable":true,"href":"https:\/\/realitatearutiera.ro\/index.php?rest_route=\/wp\/v2\/media\/83821"}],"wp:attachment":[{"href":"https:\/\/realitatearutiera.ro\/index.php?rest_route=%2Fwp%2Fv2%2Fmedia&parent=83820"}],"wp:term":[{"taxonomy":"category","embeddable":true,"href":"https:\/\/realitatearutiera.ro\/index.php?rest_route=%2Fwp%2Fv2%2Fcategories&post=83820"},{"taxonomy":"post_tag","embeddable":true,"href":"https:\/\/realitatearutiera.ro\/index.php?rest_route=%2Fwp%2Fv2%2Ftags&post=83820"}],"curies":[{"name":"wp","href":"https:\/\/api.w.org\/{rel}","templated":true}]}}