{"id":84170,"date":"2022-03-11T10:48:00","date_gmt":"2022-03-11T08:48:00","guid":{"rendered":"http:\/\/realitatearutiera.ro\/?p=84170"},"modified":"2022-03-11T10:48:06","modified_gmt":"2022-03-11T08:48:06","slug":"primavara-cu-temperaturi-ca-in-toiul-iernii-ger-de-capra-pietrele","status":"publish","type":"post","link":"https:\/\/realitatearutiera.ro\/?p=84170","title":{"rendered":"Prim\u0103var\u0103 cu temperaturi ca \u00een toiul iernii. Ger de capr\u0103 pietrele!!!"},"content":{"rendered":"\n<p>Ger ca \u00een mijlocul iernii anun\u0163\u0103 meteorologii \u00een urm\u0103toarele zile. Va fi deosebit de frig, vor c\u0103dea ninsori, iar v\u00e2ntul va bate cu putere. Abia de duminic\u0103, temperaturile \u00eencep s\u0103 creasc\u0103 u\u015for. <\/p>\n\n\n\n<p>Vineri, 11 martie, conform Administra\u0163iei Na\u0163ionale de Meteorologie (ANM), vremea se va men\u0163ine deosebit de rece, geroas\u0103 diminea\u0163a \u015fi noaptea \u00een centrul, nordul \u015fi nord-estul \u0163\u0103rii \u015fi pe alocuri \u00een rest. Temperaturile maxime se vor \u00eencadra \u00eentre minus 6 \u015fi 4 grade Celsius, iar cele minime vor fi cuprinse \u00eentre minus 15 \u015fi minus 5 grade Celsius. \u00a0 <\/p>\n\n\n\n<p>Cerul va fi variabil, cu unele \u00eennor\u0103ri \u015fi pe arii restr\u00e2nse ninsori slabe, \u00een estul \u015fi sudul teritoriului, precum \u015fi la munte. V\u00e2ntul va avea intensific\u0103ri \u00een Moldova, Dobrogea, estul Munteniei \u015fi la munte, cu viteze \u00een general de 45-55 km\/h, amplific\u00e2nd senza\u0163ia de frig, iar \u00een celelalte regiuni va sufla slab \u015fi moderat. \u00a0 <\/p>\n\n\n\n<p>\u00cen Bucure\u015fti, conform meteorologilor, cerul va avea \u00eennor\u0103ri temporare \u015fi vor fi condi\u0163ii pentru ninsori slabe. V\u00e2ntul va sufla slab \u015fi moderat. Temperatura maxim\u0103 se va situa \u00een jurul valorii de 1 grad Celsius, iar cea minim\u0103 va fi de minus 8 &#8211; minus 5 grade Celsius. \u00a0 <\/p>\n\n\n\n<p>S\u00e2mb\u0103t\u0103, minime de minus 12 grade Celsius <\/p>\n\n\n\n<p>S\u00e2mb\u0103t\u0103, tot frig de crap\u0103 pietrele se anun\u0163\u0103.Vremea va continua s\u0103 fie deosebit de rece pentru a doua decad\u0103 a lunii martie, geroas\u0103 diminea\u0163a \u015fi noaptea \u00een centrul \u0163\u0103rii \u015fi pe arii restr\u00e2nse \u00een rest. Temperaturile maxime se vor \u00eencadra \u00eentre minus 2 \u015fi 6 grade Celsius, iar cele minime, \u00een general, \u00eentre minus 12 \u015fi minus 4 grade Celsius. <\/p>\n\n\n\n<p>\u00a0 Cerul va fi variabil, cu \u00eennor\u0103ri temporare \u015fi izolat ninsori slabe, \u00een primele ore ale intervalului \u00een sud-est, precum \u015fi \u00een Carpa\u0163ii Orientali \u015fi de Curbur\u0103, iar noaptea \u00een nord-estul \u0163\u0103rii. V\u00e2ntul va sufla slab \u015fi moderat, cu u\u015foare intensific\u0103ri \u00een cursul zilei \u00een Moldova, Dobrogea \u015fi estul Munteniei. <\/p>\n\n\n\n<p>\u00a0 Frig va fi \u00een Capital\u0103, iar \u00een prima parte a zilei este posibil s\u0103 ning\u0103 slab \u015fi trec\u0103tor. V\u00e2ntul va sufla slab \u015fi moderat. Temperatura maxim\u0103 se va situa \u00een jurul a 4 grade Celsius, iar cea minim\u0103 va fi de minus 7 &#8211; minus 5 grade Celsius. \u00a0 <\/p>\n\n\n\n<p>Se \u00eenc\u0103lze\u015fte u\u015for <\/p>\n\n\n\n<p>Pentru ziua de duminic\u0103, 13 martie, meteorologii vin cu ve\u015fti bune. Valorile termice vor fi \u00een u\u015foar\u0103 cre\u015ftere fa\u0163\u0103 de intervalul anterior, dar vremea va continua s\u0103 fie deosebit de rece pentru a doua decad\u0103 a lunii martie.\u00a0 \u00a0<\/p>\n\n\n\n<p> Temperaturile maxime se vor \u00eencadra \u00eentre 0 \u015fi 8 grade Celsius, iar cele minime, \u00een general, \u00eentre minus 10 \u2013 minus 2 grade Celsius. Cerul va fi variabil, cu unele \u00eennor\u0103ri \u00een nord-est, centru \u015fi la munte, unde izolat va ninge slab, \u00eendeosebi \u00een cursul zilei. V\u00e2ntul va sufla slab \u015fi moderat, anun\u0163\u0103 ANM. \u00a0 <\/p>\n\n\n\n<p>De\u015fi valori cresc u\u015for, \u00een Capital\u0103 va fi \u00een continuare deosebit de rece pentru aceast\u0103 perioad\u0103, \u00een special diminea\u0163a \u015fi noaptea. Cerul va deveni variabil, iar v\u00e2ntul va sufla slab \u015fi moderat. Temperatura maxim\u0103 se va situa \u00een jurul a 6 grade Celsius, iar cea minim\u0103 va fi de minus 4 &#8211; minus 2 grade Celsius. \u00a0<\/p>\n\n\n\n<p>Sursa:adevarul<\/p>\n","protected":false},"excerpt":{"rendered":"<p>Ger ca \u00een mijlocul iernii anun\u0163\u0103 meteorologii \u00een urm\u0103toarele zile. Va fi deosebit de frig, vor c\u0103dea ninsori, iar v\u00e2ntul<\/p>\n","protected":false},"author":1,"featured_media":56108,"comment_status":"open","ping_status":"closed","sticky":false,"template":"","format":"standard","meta":{"spay_email":"","footnotes":"","jetpack_publicize_message":""},"categories":[6],"tags":[],"class_list":["post-84170","post","type-post","status-publish","format-standard","has-post-thumbnail","hentry","category-social"],"jetpack_featured_media_url":"https:\/\/i1.wp.com\/realitatearutiera.ro\/wp-content\/uploads\/2019\/10\/ger-si-frig-696x393.jpg?fit=696%2C393&ssl=1","jetpack_publicize_connections":[],"jetpack_sharing_enabled":true,"jetpack_shortlink":"https:\/\/wp.me\/p61naM-lTA","jetpack-related-posts":[],"_links":{"self":[{"href":"https:\/\/realitatearutiera.ro\/index.php?rest_route=\/wp\/v2\/posts\/84170","targetHints":{"allow":["GET"]}}],"collection":[{"href":"https:\/\/realitatearutiera.ro\/index.php?rest_route=\/wp\/v2\/posts"}],"about":[{"href":"https:\/\/realitatearutiera.ro\/index.php?rest_route=\/wp\/v2\/types\/post"}],"author":[{"embeddable":true,"href":"https:\/\/realitatearutiera.ro\/index.php?rest_route=\/wp\/v2\/users\/1"}],"replies":[{"embeddable":true,"href":"https:\/\/realitatearutiera.ro\/index.php?rest_route=%2Fwp%2Fv2%2Fcomments&post=84170"}],"version-history":[{"count":1,"href":"https:\/\/realitatearutiera.ro\/index.php?rest_route=\/wp\/v2\/posts\/84170\/revisions"}],"predecessor-version":[{"id":84171,"href":"https:\/\/realitatearutiera.ro\/index.php?rest_route=\/wp\/v2\/posts\/84170\/revisions\/84171"}],"wp:featuredmedia":[{"embeddable":true,"href":"https:\/\/realitatearutiera.ro\/index.php?rest_route=\/wp\/v2\/media\/56108"}],"wp:attachment":[{"href":"https:\/\/realitatearutiera.ro\/index.php?rest_route=%2Fwp%2Fv2%2Fmedia&parent=84170"}],"wp:term":[{"taxonomy":"category","embeddable":true,"href":"https:\/\/realitatearutiera.ro\/index.php?rest_route=%2Fwp%2Fv2%2Fcategories&post=84170"},{"taxonomy":"post_tag","embeddable":true,"href":"https:\/\/realitatearutiera.ro\/index.php?rest_route=%2Fwp%2Fv2%2Ftags&post=84170"}],"curies":[{"name":"wp","href":"https:\/\/api.w.org\/{rel}","templated":true}]}}