{"id":8428,"date":"2016-05-09T11:01:14","date_gmt":"2016-05-09T08:01:14","guid":{"rendered":"http:\/\/realitatearutiera.ro\/?p=8428"},"modified":"2016-05-09T11:01:14","modified_gmt":"2016-05-09T08:01:14","slug":"inconstienta-minor-de-13-ani-prins-la-volan","status":"publish","type":"post","link":"https:\/\/realitatearutiera.ro\/?p=8428","title":{"rendered":"INCON\u015eTIEN\u0162\u0102: Minor de 13 ani prins la volan!"},"content":{"rendered":"<p>Un copil \u00een v\u00e2rst\u0103 de 13 ani din localitatea arge\u015fean\u0103 \u0162i\u0163e\u015fti a fost depistat de poli\u0163i\u015fti \u00een timp ce conducea o autoutilitar\u0103 pe drumurile publice, pe numele minorului fiind \u00eentocmit dosar de cercetare penal\u0103.<\/p>\n<p>\u015eoferul minor a fost oprit \u00een trafic \u00een timpul unui control efectuat de agen\u0163ii Sec\u0163iei de Poli\u0163ie Rural\u0103 St\u00e2lpeni, potrivit unui comunicat transmis duminic\u0103 de Inspectoratul de Poli\u0163ie Jude\u0163ean Arge\u015f.<\/p>\n<p>\u00cen urma verific\u0103rilor efectuate, poli\u0163i\u015ftii au constatat c\u0103 autoutilitara avea autoriza\u0163ia de circula\u0163ie provizorie expirat\u0103.<\/p>\n<p>Pe numele minorului a fost \u00eentocmit dosar de cercetare penal\u0103 pentru conducere f\u0103r\u0103 permis \u015fi conducerea unui autovehicul ne\u00eenmatriculat.<\/p>\n<p>Sursa :\u00a0<a href=\"http:\/\/agerpres.ro\/\" target=\"_blank\">AGERPRES<\/a><\/p>\n","protected":false},"excerpt":{"rendered":"<p>Un copil \u00een v\u00e2rst\u0103 de 13 ani din localitatea arge\u015fean\u0103 \u0162i\u0163e\u015fti a fost depistat de poli\u0163i\u015fti \u00een timp ce conducea<\/p>\n","protected":false},"author":1,"featured_media":8078,"comment_status":"open","ping_status":"open","sticky":false,"template":"","format":"standard","meta":{"spay_email":"","footnotes":"","jetpack_publicize_message":""},"categories":[11],"tags":[],"class_list":["post-8428","post","type-post","status-publish","format-standard","has-post-thumbnail","hentry","category-stiri-interne"],"jetpack_featured_media_url":"https:\/\/i1.wp.com\/realitatearutiera.ro\/wp-content\/uploads\/2016\/03\/razie-politie-1900x700_c.jpg?fit=1900%2C700&ssl=1","jetpack_publicize_connections":[],"jetpack_sharing_enabled":true,"jetpack_shortlink":"https:\/\/wp.me\/p61naM-2bW","jetpack-related-posts":[],"_links":{"self":[{"href":"https:\/\/realitatearutiera.ro\/index.php?rest_route=\/wp\/v2\/posts\/8428","targetHints":{"allow":["GET"]}}],"collection":[{"href":"https:\/\/realitatearutiera.ro\/index.php?rest_route=\/wp\/v2\/posts"}],"about":[{"href":"https:\/\/realitatearutiera.ro\/index.php?rest_route=\/wp\/v2\/types\/post"}],"author":[{"embeddable":true,"href":"https:\/\/realitatearutiera.ro\/index.php?rest_route=\/wp\/v2\/users\/1"}],"replies":[{"embeddable":true,"href":"https:\/\/realitatearutiera.ro\/index.php?rest_route=%2Fwp%2Fv2%2Fcomments&post=8428"}],"version-history":[{"count":1,"href":"https:\/\/realitatearutiera.ro\/index.php?rest_route=\/wp\/v2\/posts\/8428\/revisions"}],"predecessor-version":[{"id":8429,"href":"https:\/\/realitatearutiera.ro\/index.php?rest_route=\/wp\/v2\/posts\/8428\/revisions\/8429"}],"wp:featuredmedia":[{"embeddable":true,"href":"https:\/\/realitatearutiera.ro\/index.php?rest_route=\/wp\/v2\/media\/8078"}],"wp:attachment":[{"href":"https:\/\/realitatearutiera.ro\/index.php?rest_route=%2Fwp%2Fv2%2Fmedia&parent=8428"}],"wp:term":[{"taxonomy":"category","embeddable":true,"href":"https:\/\/realitatearutiera.ro\/index.php?rest_route=%2Fwp%2Fv2%2Fcategories&post=8428"},{"taxonomy":"post_tag","embeddable":true,"href":"https:\/\/realitatearutiera.ro\/index.php?rest_route=%2Fwp%2Fv2%2Ftags&post=8428"}],"curies":[{"name":"wp","href":"https:\/\/api.w.org\/{rel}","templated":true}]}}