{"id":84297,"date":"2022-03-16T08:58:52","date_gmt":"2022-03-16T06:58:52","guid":{"rendered":"http:\/\/realitatearutiera.ro\/?p=84297"},"modified":"2022-03-16T08:58:57","modified_gmt":"2022-03-16T06:58:57","slug":"prognoza-meteo-val-de-ninsori-si-de-frig","status":"publish","type":"post","link":"https:\/\/realitatearutiera.ro\/?p=84297","title":{"rendered":"Prognoza meteo. Val de ninsori \u015fi de frig"},"content":{"rendered":"\n<p>Vreme de iarn\u0103 se anun\u0163\u0103 \u00een majoritatea regiunilor \u00een urm\u0103toarele zile. Temperaturile vor sc\u0103dea, iar ninsori sunt a\u015fteptate la munte, \u00een timp ce \u00een restul regiunilor vor preodomina ploile \u015fi lapovi\u0163a. <\/p>\n\n\n\n<figure class=\"wp-block-image is-resized\"><img loading=\"lazy\" decoding=\"async\" src=\"https:\/\/i0.wp.com\/adevarul.ro\/assets\/adevarul.ro\/MRImage\/2021\/02\/13\/6027b06b5163ec4271f2547d\/646x404.jpg?resize=506%2C316&#038;ssl=1\" alt=\"Prognoza meteo. Val de ninsori \u015fi de frig. Unde cade polei, c\u00e2nd sc\u0103p\u0103m de iarn\u0103\" width=\"506\" height=\"316\" data-recalc-dims=\"1\" \/><\/figure>\n\n\n\n<p>Conform Administra\u0163iei Na\u0163ionale de Meteorologie\u00a0(ANM), miercuri,16 martie, vremea va fi mai rece dec\u00e2t \u00een mod normal pentru aceast\u0103 perioad\u0103 \u00een cea mai mare parte a \u0163\u0103rii. Cerul va avea \u00eennor\u0103ri \u015fi se vor semnala precipita\u0163ii \u00een jum\u0103tatea de sud-vest \u015fi pe arii mai restr\u00e2nse \u00een restul teritoriului. \u00a0<\/p>\n\n\n\n<p> La munte vor predomina ninsorile, iar \u00een celelalte regiuni vor fi ploi \u015fi trec\u0103tor lapovi\u0163\u0103 \u015fi ninsoare. Izolat vor fi condi\u0163ii polei. V\u00e2ntul va sufla slab \u015fi moderat, cu unele intensific\u0103ri \u00een sud-est \u015fi la munte. Temperaturile maxime se vor \u00eencadra \u00eentre 2 \u015fi 12 grade Celsius, iar cele minime \u00eentre minus 5 \u015fi 2 grade Celsius. \u00a0<\/p>\n\n\n\n<p> La Bucure\u015fti, miercuri, 16 martie, cerul va fi mai mult noros \u015fi temporar se vor semnala precipita\u0163ii sub form\u0103 de ploaie, cu probabilitate ridicat\u0103 de transformare \u00een lapovi\u0163\u0103 sau ninsoare, anun\u0163\u0103 ANM. V\u00e2ntul va sufla slab \u015fi moderat, cu u\u015foare intensific\u0103ri pe parcursul nop\u0163ii. Temperatura maxim\u0103 va fi de 6-8 grade Celsius, iar cea minim\u0103 de 0-1 grad Celsius. \u00a0<\/p>\n\n\n\n<p> Temperaturile scad tot mai mult <\/p>\n\n\n\n<p>\u00a0  Joi se face \u015fi mai frig. Conform meteorologilor, vremea se va men\u0163ine mai rece dec\u00e2t \u00een mod obi\u015fnuit pentru aceast\u0103 perioad\u0103 \u00een majoritatea regiunilor. Cerul va avea \u00eennor\u0103ri, iar local \u015fi temporar se vor semnala precipita\u0163ii, cu o probabilitate mai mare \u00een jum\u00e3tatea de sud-vest a \u0163\u0103rii. Acestea vor fi predominant sub form\u0103 de ninsoare la munte \u015fi mixte \u00een rest.\u00a0<\/p>\n\n\n\n<p> V\u00e2ntul va sufla slab \u015fi moderat, cu unele intensific\u0103ri pe creste, \u00een sud-est \u015fi izolat \u00een rest. Temperaturile maxime se vor \u00eencadra, \u00een general, \u00eentre 0-10 grade Celsius, iar cele minime, \u00eentre minus 10 \u015fi 0 grade, mai sc\u0103zute \u00een depresiunile din estul Transilvaniei. \u00a0 <\/p>\n\n\n\n<p>\u015ei \u00een Capital\u0103, probabilitatea de precipita\u0163ii va fi mai ridicat\u0103 \u00een prima parte a intervalului. V\u00e2ntul va sufla \u00een general moderat. Temperatura maxim\u0103 va fi de 4-6 grade Celsius, iar cea minim\u0103 de minus 6 &#8211; minus 4 grade Celsius. \u00a0<\/p>\n\n\n\n<p> Valori termice cobor\u00e2te <\/p>\n\n\n\n<p>\u00a0 Conform prognozei ANM pentru urm\u0103toarele dou\u0103 s\u0103pt\u0103m\u00e2ni, perioada 14 &#8211; 27 martie, vremea va fi capricioas\u0103. Va predomina \u00een general o vreme rece \u00een majoritatea regiunilor, \u00een timp ce precipita\u0163iile vor ap\u0103rea at\u00e2t \u00een cursul acestei s\u0103pt\u0103m\u00e2ni, c\u00e2t \u015fi dup\u0103 23 martie, \u00een unele zone. \u00a0 <\/p>\n\n\n\n<p>Astfel, \u00een s\u0103pt\u0103m\u00e2na 14.03.2022 \u2013 21.03.2022, valorile termice vor fi mai cobor\u00e2te dec\u00e2t cele specifice pentru aceast\u0103 s\u0103pt\u0103m\u00e2n\u0103, pe \u00eentreg teritoriul Rom\u00e2niei, dar mai ales \u00een regiunile sud-estice. Cantit\u0103\u0163ile de precipita\u0163ii vor fi deficitare \u00een toate regiunile, dar mai ales \u00een zonele montane. \u00a0 <\/p>\n\n\n\n<p>\u00cen s\u0103pt\u0103m\u00e2na 21.03.2022 \u2013 28.03.2022, temperatura medie a aerului va avea valori mai cobor\u00e2te dec\u00e2t cele normale pentru acest interval, \u00een cea mai mare parte a \u0163\u0103rii.\u00a0Regimul pluviometric va fi deficitar la nivelul \u00eentregii \u0163\u0103ri, dar mai ales \u00een zonele montane.<\/p>\n\n\n\n<p>Sursa:adevrul<\/p>\n","protected":false},"excerpt":{"rendered":"<p>Vreme de iarn\u0103 se anun\u0163\u0103 \u00een majoritatea regiunilor \u00een urm\u0103toarele zile. Temperaturile vor sc\u0103dea, iar ninsori sunt a\u015fteptate la munte,<\/p>\n","protected":false},"author":1,"featured_media":82470,"comment_status":"open","ping_status":"closed","sticky":false,"template":"","format":"standard","meta":{"spay_email":"","footnotes":"","jetpack_publicize_message":""},"categories":[6],"tags":[],"class_list":["post-84297","post","type-post","status-publish","format-standard","has-post-thumbnail","hentry","category-social"],"jetpack_featured_media_url":"https:\/\/i2.wp.com\/realitatearutiera.ro\/wp-content\/uploads\/2022\/01\/meteo-cod-rosu-si-cod-portocaliu-de-vant-puternic-in-mare-parte-din-tara-745609.jpg?fit=1200%2C675&ssl=1","jetpack_publicize_connections":[],"jetpack_sharing_enabled":true,"jetpack_shortlink":"https:\/\/wp.me\/p61naM-lVD","jetpack-related-posts":[],"_links":{"self":[{"href":"https:\/\/realitatearutiera.ro\/index.php?rest_route=\/wp\/v2\/posts\/84297","targetHints":{"allow":["GET"]}}],"collection":[{"href":"https:\/\/realitatearutiera.ro\/index.php?rest_route=\/wp\/v2\/posts"}],"about":[{"href":"https:\/\/realitatearutiera.ro\/index.php?rest_route=\/wp\/v2\/types\/post"}],"author":[{"embeddable":true,"href":"https:\/\/realitatearutiera.ro\/index.php?rest_route=\/wp\/v2\/users\/1"}],"replies":[{"embeddable":true,"href":"https:\/\/realitatearutiera.ro\/index.php?rest_route=%2Fwp%2Fv2%2Fcomments&post=84297"}],"version-history":[{"count":1,"href":"https:\/\/realitatearutiera.ro\/index.php?rest_route=\/wp\/v2\/posts\/84297\/revisions"}],"predecessor-version":[{"id":84298,"href":"https:\/\/realitatearutiera.ro\/index.php?rest_route=\/wp\/v2\/posts\/84297\/revisions\/84298"}],"wp:featuredmedia":[{"embeddable":true,"href":"https:\/\/realitatearutiera.ro\/index.php?rest_route=\/wp\/v2\/media\/82470"}],"wp:attachment":[{"href":"https:\/\/realitatearutiera.ro\/index.php?rest_route=%2Fwp%2Fv2%2Fmedia&parent=84297"}],"wp:term":[{"taxonomy":"category","embeddable":true,"href":"https:\/\/realitatearutiera.ro\/index.php?rest_route=%2Fwp%2Fv2%2Fcategories&post=84297"},{"taxonomy":"post_tag","embeddable":true,"href":"https:\/\/realitatearutiera.ro\/index.php?rest_route=%2Fwp%2Fv2%2Ftags&post=84297"}],"curies":[{"name":"wp","href":"https:\/\/api.w.org\/{rel}","templated":true}]}}