{"id":85029,"date":"2022-04-07T08:22:47","date_gmt":"2022-04-07T05:22:47","guid":{"rendered":"http:\/\/realitatearutiera.ro\/?p=85029"},"modified":"2022-04-07T08:22:52","modified_gmt":"2022-04-07T05:22:52","slug":"judetul-mures-circulatie-ingreunata-pe-dn-15","status":"publish","type":"post","link":"https:\/\/realitatearutiera.ro\/?p=85029","title":{"rendered":"JUDE\u021aUL MURE\u0218: CIRCULA\u021aIE \u00ceNGREUNAT\u0102 PE DN 15"},"content":{"rendered":"\n<p><strong>Ora:&nbsp;<\/strong>07:10<\/p>\n\n\n\n<p><strong>Centrul INFOTRAFIC din Inspectoratul General al Poli\u021biei Rom\u00e2ne&nbsp;<\/strong>informeaz\u0103 c\u0103 pe DN 15 T\u00e2rgu Mure\u0219-Reghin, \u00een afara localit\u0103\u021bii Iernei, jude\u021bul Mure\u0219, un microbuz de transport persoane, ce efectua curse regulate pe rela\u021bia Tg. Mure\u0219-Reghin,&nbsp; a colizionat o autoutilitar\u0103. \u00cen urma accidentului, dou\u0103 persoane din microbuz au suferit leziuni minore, fiind evaluate medical. Traficul rutier se desf\u0103\u0219oar\u0103 pe un fir, alternativ.<\/p>\n\n\n\n<p>Se estimeaz\u0103 reluarea normal\u0103 a traficului \u00een 30 de minute.<\/p>\n","protected":false},"excerpt":{"rendered":"<p>Ora:&nbsp;07:10 Centrul INFOTRAFIC din Inspectoratul General al Poli\u021biei Rom\u00e2ne&nbsp;informeaz\u0103 c\u0103 pe DN 15 T\u00e2rgu Mure\u0219-Reghin, \u00een afara localit\u0103\u021bii Iernei, jude\u021bul<\/p>\n","protected":false},"author":1,"featured_media":74372,"comment_status":"open","ping_status":"closed","sticky":false,"template":"","format":"standard","meta":{"spay_email":"","footnotes":"","jetpack_publicize_message":""},"categories":[54],"tags":[],"class_list":["post-85029","post","type-post","status-publish","format-standard","has-post-thumbnail","hentry","category-informatii-rutiere"],"jetpack_featured_media_url":"https:\/\/i2.wp.com\/realitatearutiera.ro\/wp-content\/uploads\/2021\/03\/infotrafic-e1561614370677.png?fit=350%2C200&ssl=1","jetpack_publicize_connections":[],"jetpack_sharing_enabled":true,"jetpack_shortlink":"https:\/\/wp.me\/p61naM-m7r","jetpack-related-posts":[],"_links":{"self":[{"href":"https:\/\/realitatearutiera.ro\/index.php?rest_route=\/wp\/v2\/posts\/85029","targetHints":{"allow":["GET"]}}],"collection":[{"href":"https:\/\/realitatearutiera.ro\/index.php?rest_route=\/wp\/v2\/posts"}],"about":[{"href":"https:\/\/realitatearutiera.ro\/index.php?rest_route=\/wp\/v2\/types\/post"}],"author":[{"embeddable":true,"href":"https:\/\/realitatearutiera.ro\/index.php?rest_route=\/wp\/v2\/users\/1"}],"replies":[{"embeddable":true,"href":"https:\/\/realitatearutiera.ro\/index.php?rest_route=%2Fwp%2Fv2%2Fcomments&post=85029"}],"version-history":[{"count":1,"href":"https:\/\/realitatearutiera.ro\/index.php?rest_route=\/wp\/v2\/posts\/85029\/revisions"}],"predecessor-version":[{"id":85030,"href":"https:\/\/realitatearutiera.ro\/index.php?rest_route=\/wp\/v2\/posts\/85029\/revisions\/85030"}],"wp:featuredmedia":[{"embeddable":true,"href":"https:\/\/realitatearutiera.ro\/index.php?rest_route=\/wp\/v2\/media\/74372"}],"wp:attachment":[{"href":"https:\/\/realitatearutiera.ro\/index.php?rest_route=%2Fwp%2Fv2%2Fmedia&parent=85029"}],"wp:term":[{"taxonomy":"category","embeddable":true,"href":"https:\/\/realitatearutiera.ro\/index.php?rest_route=%2Fwp%2Fv2%2Fcategories&post=85029"},{"taxonomy":"post_tag","embeddable":true,"href":"https:\/\/realitatearutiera.ro\/index.php?rest_route=%2Fwp%2Fv2%2Ftags&post=85029"}],"curies":[{"name":"wp","href":"https:\/\/api.w.org\/{rel}","templated":true}]}}