{"id":85581,"date":"2022-04-28T08:47:23","date_gmt":"2022-04-28T05:47:23","guid":{"rendered":"http:\/\/realitatearutiera.ro\/?p=85581"},"modified":"2022-04-28T08:47:23","modified_gmt":"2022-04-28T05:47:23","slug":"accident-infiorator-in-jud-neamt-doua-tir-uri-facute-praf-dupa-ce-unul-din-ele-a-ramas-fara-frane","status":"publish","type":"post","link":"https:\/\/realitatearutiera.ro\/?p=85581","title":{"rendered":"Accident \u00eenfior\u0103tor, \u00een jud. Neam\u021b: dou\u0103 TIR-uri, f\u0103cute praf, dup\u0103 ce unul din ele a r\u0103mas f\u0103r\u0103 fr\u00e2ne"},"content":{"rendered":"\n<p>Doi \u015foferi de TIR din jude\u0163ele Gala\u0163i \u015fi Bac\u0103u au fost r\u0103ni\u0163i, \u00een noaptea de miercuri spre joi, \u00eentr-un accident rutier produs pe drumul european E85, \u00een comuna S\u0103b\u0103oani.<\/p>\n\n\n\n<figure class=\"wp-block-image is-resized\"><img loading=\"lazy\" decoding=\"async\" src=\"https:\/\/media.realitatea.net\/multimedia\/image\/202204\/w1920\/ada_-_28_aprilie_2022_-_004_ae947fcd55.webp\" alt=\"dou\u0103 TIR-uri, f\u0103cute praf, dup\u0103 ce unul din ele a r\u0103mas f\u0103r\u0103 fr\u00e2ne \" width=\"641\" height=\"360\"\/><\/figure>\n\n\n\n<p>Purt\u0103torul de cuv\u00e2nt al Inspectoratului de Poli\u0163ie Jude\u0163ean (IPJ) Neam\u0163, agentul principal Georgiana Pu\u015fca\u015fu, a declarat c\u0103 accidentul s-a produs dup\u0103 ce \u015foferul din Gala\u0163i nu a acordat prioritate de trecere.<\/p>\n\n\n\n<p>&#8220;Din primele cercet\u0103ri a reie\u015fit c\u0103, \u00een timp ce un b\u0103rbat de 47 ani, din jude\u0163ul Gala\u0163i, conducea un ansamblu de vehicule pe drumul jude\u0163ean 208, la intersec\u0163ia cu E 85, \u00een afara localit\u0103\u0163ii S\u0103b\u0103oani, a intrat \u00een coliziune cu un autotren condus de un b\u0103rbat de 33 ani, din jude\u0163ul Bacau. \u00cen urma evenimentului rutier a rezultat r\u0103nirea ambilor conduc\u0103tori auto&#8221;, a precizat purt\u0103torul de cuv\u00e2nt al IPJ Neam\u0163.<\/p>\n\n\n\n<p>&#8220;\u00cen urma coliziunii, unul dintre conduc\u0103torii auto a r\u0103mas blocat \u00een interiorul cabinei. Cu ajutorul echipamentelor \u015fi procedeelor specifice, pompierii au intervenit pentru scoaterea unui b\u0103rbat de 47 ani, con\u015ftient, cu politraumatisme. Acesta a primit \u00eengrijiri medicale la locul evenimentului de la echipajul SMURD, ulterior fiind transportat la Centrul de Primiri Urgen\u0163e Roman. Cel de-al doilea conduc\u0103tor auto, un b\u0103rbat de 33 ani, con\u015ftient, cu poltraumatisme, a primit \u00eengrijiri medicale la locul evenimentului de la echipajul Serviciului de Ambulan\u0163\u0103 Jude\u0163ean, ulterior fiind transportat la Centrul de Primiri Urgen\u0163e Roman&#8221;, a declarat purt\u0103torul de cuv\u00e2nt al Inspectoratului pentru Situa\u0163ii de Urgen\u0163\u0103 Neam\u0163, locotenentul Irina Popa.<\/p>\n\n\n\n<p>\u015eoferul care a provocat accidentul le-a declarat poli\u0163i\u015ftilor rutieri c\u0103 autovehiculul a r\u0103mas f\u0103r\u0103 fr\u00e2ne \u015fi nu a reu\u015fit s\u0103 opreasc\u0103 \u00een intersec\u0163ie.<\/p>\n\n\n\n<p>Cei doi \u015foferi au fost testa\u0163i cu aparatul etilotest, rezultatele fiind negative.<\/p>\n\n\n\n<p>Traficul rutier s-a desf\u0103\u015furat restric\u0163ionat pentru aproximativ trei ore.<\/p>\n\n\n\n<p>Poli\u0163i\u015ftii continu\u0103 cercet\u0103rile \u00eentr-un dosar penal deschis pentru s\u0103v\u00e2r\u015firea infrac\u0163iunii de v\u0103t\u0103mare corporal\u0103 din culp\u0103.\u00a0<\/p>\n\n\n\n<p>Sursa:realitatea<\/p>\n","protected":false},"excerpt":{"rendered":"<p>Doi \u015foferi de TIR din jude\u0163ele Gala\u0163i \u015fi Bac\u0103u au fost r\u0103ni\u0163i, \u00een noaptea de miercuri spre joi, \u00eentr-un accident<\/p>\n","protected":false},"author":1,"featured_media":0,"comment_status":"open","ping_status":"","sticky":false,"template":"","format":"standard","meta":{"spay_email":"","footnotes":"","jetpack_publicize_message":""},"categories":[1],"tags":[],"class_list":["post-85581","post","type-post","status-publish","format-standard","hentry","category-uncategorized"],"jetpack_featured_media_url":"","jetpack_publicize_connections":[],"jetpack_sharing_enabled":true,"jetpack_shortlink":"https:\/\/wp.me\/p61naM-mgl","jetpack-related-posts":[],"_links":{"self":[{"href":"https:\/\/realitatearutiera.ro\/index.php?rest_route=\/wp\/v2\/posts\/85581","targetHints":{"allow":["GET"]}}],"collection":[{"href":"https:\/\/realitatearutiera.ro\/index.php?rest_route=\/wp\/v2\/posts"}],"about":[{"href":"https:\/\/realitatearutiera.ro\/index.php?rest_route=\/wp\/v2\/types\/post"}],"author":[{"embeddable":true,"href":"https:\/\/realitatearutiera.ro\/index.php?rest_route=\/wp\/v2\/users\/1"}],"replies":[{"embeddable":true,"href":"https:\/\/realitatearutiera.ro\/index.php?rest_route=%2Fwp%2Fv2%2Fcomments&post=85581"}],"version-history":[{"count":1,"href":"https:\/\/realitatearutiera.ro\/index.php?rest_route=\/wp\/v2\/posts\/85581\/revisions"}],"predecessor-version":[{"id":85582,"href":"https:\/\/realitatearutiera.ro\/index.php?rest_route=\/wp\/v2\/posts\/85581\/revisions\/85582"}],"wp:attachment":[{"href":"https:\/\/realitatearutiera.ro\/index.php?rest_route=%2Fwp%2Fv2%2Fmedia&parent=85581"}],"wp:term":[{"taxonomy":"category","embeddable":true,"href":"https:\/\/realitatearutiera.ro\/index.php?rest_route=%2Fwp%2Fv2%2Fcategories&post=85581"},{"taxonomy":"post_tag","embeddable":true,"href":"https:\/\/realitatearutiera.ro\/index.php?rest_route=%2Fwp%2Fv2%2Ftags&post=85581"}],"curies":[{"name":"wp","href":"https:\/\/api.w.org\/{rel}","templated":true}]}}