{"id":86122,"date":"2022-05-13T11:34:17","date_gmt":"2022-05-13T08:34:17","guid":{"rendered":"http:\/\/realitatearutiera.ro\/?p=86122"},"modified":"2022-05-13T11:34:21","modified_gmt":"2022-05-13T08:34:21","slug":"soferii-nu-vor-mai-parca-gratuit-in-bucuresti","status":"publish","type":"post","link":"https:\/\/realitatearutiera.ro\/?p=86122","title":{"rendered":"\u0218oferii nu vor mai parca gratuit \u00een Bucure\u0219ti"},"content":{"rendered":"\n<p><strong>\u0218oferii nu vor mai parca gratuit \u00een Bucure\u0219ti, anun\u021b\u0103 Prim\u0103ria Capitalei, care le repro\u0219eaz\u0103 \u0219oferilor c\u0103 prefer\u0103 s\u0103 parcheze pe trotuar \u0219i s\u0103 fac\u0103 grea via\u021ba pietonilor, \u00een loc s\u0103 pl\u0103teasc\u0103 pentru a-\u0219i l\u0103sa ma\u0219ina. Avertismentul vine la pachet cu o promisiune ambi\u021bioas\u0103, triplarea num\u0103rului de locuri de parcare de la 12.000 la 36.000. Oricum e prea pu\u021bin, la c\u00e2te ma\u0219ini sunt \u00een Capital\u0103, spun \u0219oferii.<\/strong><\/p>\n\n\n\n<p>Trotuarele din cartiere nu mai sunt locuri de plimbare sau de jucat \u0219otron. Toate au devenit parc\u0103ri pentru \u0219oferi.<\/p>\n\n\n\n<p><em>&#8211;&nbsp; Am un bebelu\u0219 \u0219i e greu s\u0103 merg cu el pe strad\u0103. Mi s-a \u00eent\u00e2mplat de n ori sa aten\u021bionez \u0219oferul, s\u0103 \u00eei bat \u00een geam pentru c\u0103 exista riscul s\u0103 ne loveasc\u0103.<\/em><\/p>\n\n\n\n<p>Cezara Scutari &#8211; jurnalist Digi24: Pe o strad\u0103 din Sectorul 5 sunt amenajate doar 7 locuri de parcare. Cel mai des, ceilal\u021bi \u0219oferi \u00ee\u0219i las\u0103 ma\u0219inile pe trotuar. R\u0103m\u00e2ne foarte pu\u021bin loc de trecere pentru pietoni, mai ales pentru persoanele cu dizabilit\u0103\u021bi sau pentru mamele care au bebelu\u0219i \u00een carucioare.<\/p>\n\n\n\n<p>Strategia de parcare promis\u0103 de Nicu\u0219or Dan de la \u00eenceput de mandat \u00eenc\u0103 este \u00een discu\u021bii.<\/p>\n\n\n\n<p>&#8220;La stadiul de principii am r\u0103mas, (&#8230;) niciun loc de parcare gratis \u0219i \u00eemi asum chestia asta. Pentru c\u0103 nu este dreptul universal al omului la locul de parcare&#8221;, spune Ciprian Ciucu, pre\u0219edinte PNL Bucure\u0219ti \u0219i edil al sectorului 6.<\/p>\n\n\n\n<p>&#8220;60.000 lei pe zi face zilnic municipalitatea din 12.000 de parc\u0103ri. Dac\u0103 face\u021bi un calcul simplu, vede\u021bi c\u0103 gradul de \u00eencasare este sub 20%. Ne-am propus s\u0103 tripl\u0103m num\u0103rul de parc\u0103ri \u00een urm\u0103torii 2 ani&#8221;, spune \u0219i Stelian Bujduveanu, viceprimarul Capitalei.<\/p>\n\n\n\n<p>Prim\u0103ria Capitalei vrea s\u0103 ajung\u0103 la \u00eencas\u0103ri de 1 milion de lei pe zi prin taxe de parcare m\u0103rite. Oamenii spun, \u00eens\u0103, c\u0103 parc\u0103rile sunt deja scumpe.&nbsp;<\/p>\n\n\n\n<p><em>&#8211; Sunt destul de scumpe locurile de parcare.<\/em><br><em>&#8211; Ar putea s\u0103 construiasc\u0103 locuri supraetajate sau subetajate, dar nu la periferia ora\u0219ului.<\/em><\/p>\n\n\n\n<p>Parcarea cu plat\u0103 de la Terminalul Str\u0103ule\u0219ti este de obicei ocupat\u0103 doar pe o treime. Parcarea Pantelimon trebuie s\u0103 treac\u0103 de verific\u0103rile comisiei de recep\u021bie.<\/p>\n\n\n\n<p>Reini Stadler &#8211; specialist mobilitate urban\u0103: &#8220;Avem deja peste 600 autoturisme la o mie de locuitori. Avem trei straturi de institu\u021bii care se implic\u0103 \u00een problem\u0103 \u0219i care nu sunt coordonate. Un prim scop al acestei politici ar fi s\u0103 aduc\u0103 laolalt\u0103 ace\u0219ti actori, c\u0103 ei s\u0103 se poat\u0103 coordona \u0219i s\u0103 \u00ee\u0219i dezvolte \u021binte pe subiect&#8221;.<\/p>\n\n\n\n<p>\u00cen Bucure\u0219ti sunt peste 1 milion 4 sute de mii de ma\u0219ini \u00eenmatriculate \u0219i 3 sute de mii de locuri de parcare.<\/p>\n\n\n\n<p>Sursa:digi24<\/p>\n","protected":false},"excerpt":{"rendered":"<p>\u0218oferii nu vor mai parca gratuit \u00een Bucure\u0219ti, anun\u021b\u0103 Prim\u0103ria Capitalei, care le repro\u0219eaz\u0103 \u0219oferilor c\u0103 prefer\u0103 s\u0103 parcheze pe<\/p>\n","protected":false},"author":1,"featured_media":86123,"comment_status":"open","ping_status":"closed","sticky":false,"template":"","format":"standard","meta":{"spay_email":"","footnotes":"","jetpack_publicize_message":""},"categories":[6],"tags":[],"class_list":["post-86122","post","type-post","status-publish","format-standard","has-post-thumbnail","hentry","category-social"],"jetpack_featured_media_url":"https:\/\/i2.wp.com\/realitatearutiera.ro\/wp-content\/uploads\/2022\/05\/c2g9NWFlMjhmOTNkNjQ2NjNhYzJhYjdhODUwMGFmMGZhMWI.thumb_.jpg?fit=780%2C440&ssl=1","jetpack_publicize_connections":[],"jetpack_sharing_enabled":true,"jetpack_shortlink":"https:\/\/wp.me\/p61naM-mp4","jetpack-related-posts":[],"_links":{"self":[{"href":"https:\/\/realitatearutiera.ro\/index.php?rest_route=\/wp\/v2\/posts\/86122","targetHints":{"allow":["GET"]}}],"collection":[{"href":"https:\/\/realitatearutiera.ro\/index.php?rest_route=\/wp\/v2\/posts"}],"about":[{"href":"https:\/\/realitatearutiera.ro\/index.php?rest_route=\/wp\/v2\/types\/post"}],"author":[{"embeddable":true,"href":"https:\/\/realitatearutiera.ro\/index.php?rest_route=\/wp\/v2\/users\/1"}],"replies":[{"embeddable":true,"href":"https:\/\/realitatearutiera.ro\/index.php?rest_route=%2Fwp%2Fv2%2Fcomments&post=86122"}],"version-history":[{"count":1,"href":"https:\/\/realitatearutiera.ro\/index.php?rest_route=\/wp\/v2\/posts\/86122\/revisions"}],"predecessor-version":[{"id":86124,"href":"https:\/\/realitatearutiera.ro\/index.php?rest_route=\/wp\/v2\/posts\/86122\/revisions\/86124"}],"wp:featuredmedia":[{"embeddable":true,"href":"https:\/\/realitatearutiera.ro\/index.php?rest_route=\/wp\/v2\/media\/86123"}],"wp:attachment":[{"href":"https:\/\/realitatearutiera.ro\/index.php?rest_route=%2Fwp%2Fv2%2Fmedia&parent=86122"}],"wp:term":[{"taxonomy":"category","embeddable":true,"href":"https:\/\/realitatearutiera.ro\/index.php?rest_route=%2Fwp%2Fv2%2Fcategories&post=86122"},{"taxonomy":"post_tag","embeddable":true,"href":"https:\/\/realitatearutiera.ro\/index.php?rest_route=%2Fwp%2Fv2%2Ftags&post=86122"}],"curies":[{"name":"wp","href":"https:\/\/api.w.org\/{rel}","templated":true}]}}