{"id":86139,"date":"2022-05-16T08:36:04","date_gmt":"2022-05-16T05:36:04","guid":{"rendered":"http:\/\/realitatearutiera.ro\/?p=86139"},"modified":"2022-05-16T08:36:10","modified_gmt":"2022-05-16T05:36:10","slug":"accident-devastator-la-timisesti-in-neamt","status":"publish","type":"post","link":"https:\/\/realitatearutiera.ro\/?p=86139","title":{"rendered":"Accident devastator la Timi\u015fe\u015fti \u00een Neam\u0163"},"content":{"rendered":"\n<p>Accidentul s-a produs vineri dup\u0103-amiaz\u0103, 13 mai 2022, pe DN 15, \u00een zona comunei\u00a0<a href=\"https:\/\/www.antena3.ro\/tag\/timisesti-382463.html\">Timi\u015fe\u015fti<\/a>, acolo unde un \u015fofer \u00een v\u00e2rst\u0103 de 77 de ani a \u00eentors ma\u015fina \u015fi a p\u0103truns pe drum, chiar \u00een fa\u0163a unui \u015fofer cu BMW, care circula cu vitez\u0103.<\/p>\n\n\n\n<figure class=\"wp-block-image is-resized\"><img loading=\"lazy\" decoding=\"async\" src=\"https:\/\/www.antena3.ro\/thumbs\/big3\/2022\/05\/15\/accident-filmat-camera-supraveghere-timisesti-neamt-767967.webp\" alt=\"Accident devastator filmat de o camer\u0103 de supraveghere, la Timi\u015fe\u015fti \u00een Neam\u0163\" width=\"554\" height=\"323\"\/><\/figure>\n\n\n\n<p>Ultimele clipe din via\u0163a \u015foferului de 77 de ani au fost filmate de o camer\u0103 de supraveghere.<\/p>\n\n\n\n<p>Pe imagini se vede cum \u015foferul petrece c\u00e2teva clipe l\u00e2ng\u0103 ma\u015fin\u0103, apoi \u00eencearc\u0103 s\u0103 \u00eentoarc\u0103, pe marginea drumului, foarte \u00eencet.<\/p>\n\n\n\n<p>La un moment dat, dup\u0103 ce a reu\u015fit s\u0103 \u00eentoarc\u0103 ma\u015fina \u015fi \u00eencerca s\u0103 vireze la st\u00e2nga, b\u0103rbatul a ap\u0103sat accelera\u0163ia, chiar dac\u0103 avea o vizibilitate destul de mare \u015fi ar fi putut s\u0103 vad\u0103 BMW-ul X5, de culoare neagr\u0103, care venea cu vitez\u0103 spre el.<\/p>\n\n\n\n<p>&#8220;Din primele cercet\u0103ri efectuate de poli\u021bi\u0219ti a reie\u0219it c\u0103 \u00een timp ce un b\u0103rbat, de 77 de ani, din B\u0103l\u021b\u0103te\u0219ti, ar fi efectuat manevre de ie\u0219ire din parcarea unei societ\u0103\u021bi comerciale, ar fi intrat \u00een coliziune cu un autoturism condus de un b\u0103rbat, de 48 de ani, din jude\u021bul Ia\u0219i, ce circula pe DN 15 \u00een direc\u021bia T\u00e2rgu-Neam\u021b.<\/p>\n\n\n\n<p>\u00cen urma evenimentului rutier, a rezultat decesul primului conduc\u0103tor auto \u0219i v\u0103t\u0103marea corporal\u0103 a conduc\u0103torului auto, din jude\u021bul Ia\u0219i.<\/p>\n\n\n\n<p>\u00cen cauz\u0103, poli\u021bi\u0219tii continu\u0103 cercet\u0103rile sub aspectul s\u0103v\u00e2r\u0219irii infrac\u021biunilor de ucidere din culp\u0103 \u0219i v\u0103t\u0103mare corporal\u0103 din culp\u0103, \u00een vederea stabilirii cauzelor \u0219i condi\u021biilor \u00een care a avut loc evenimentul rutier&#8221;, a declarat\u00a0sinsp. Ramona Ciofu, purt\u0103tor de cuv\u00e2nt al IPJ Neam\u021b,<\/p>\n\n\n\n<p>Sursa:antena3<\/p>\n","protected":false},"excerpt":{"rendered":"<p>Accidentul s-a produs vineri dup\u0103-amiaz\u0103, 13 mai 2022, pe DN 15, \u00een zona comunei\u00a0Timi\u015fe\u015fti, acolo unde un \u015fofer \u00een v\u00e2rst\u0103<\/p>\n","protected":false},"author":1,"featured_media":81853,"comment_status":"open","ping_status":"closed","sticky":false,"template":"","format":"standard","meta":{"spay_email":"","footnotes":"","jetpack_publicize_message":""},"categories":[1],"tags":[],"class_list":["post-86139","post","type-post","status-publish","format-standard","has-post-thumbnail","hentry","category-uncategorized"],"jetpack_featured_media_url":"https:\/\/i2.wp.com\/realitatearutiera.ro\/wp-content\/uploads\/2021\/12\/Accident_e3246b8bc6.jpg?fit=1920%2C1080&ssl=1","jetpack_publicize_connections":[],"jetpack_sharing_enabled":true,"jetpack_shortlink":"https:\/\/wp.me\/p61naM-mpl","jetpack-related-posts":[],"_links":{"self":[{"href":"https:\/\/realitatearutiera.ro\/index.php?rest_route=\/wp\/v2\/posts\/86139","targetHints":{"allow":["GET"]}}],"collection":[{"href":"https:\/\/realitatearutiera.ro\/index.php?rest_route=\/wp\/v2\/posts"}],"about":[{"href":"https:\/\/realitatearutiera.ro\/index.php?rest_route=\/wp\/v2\/types\/post"}],"author":[{"embeddable":true,"href":"https:\/\/realitatearutiera.ro\/index.php?rest_route=\/wp\/v2\/users\/1"}],"replies":[{"embeddable":true,"href":"https:\/\/realitatearutiera.ro\/index.php?rest_route=%2Fwp%2Fv2%2Fcomments&post=86139"}],"version-history":[{"count":1,"href":"https:\/\/realitatearutiera.ro\/index.php?rest_route=\/wp\/v2\/posts\/86139\/revisions"}],"predecessor-version":[{"id":86140,"href":"https:\/\/realitatearutiera.ro\/index.php?rest_route=\/wp\/v2\/posts\/86139\/revisions\/86140"}],"wp:featuredmedia":[{"embeddable":true,"href":"https:\/\/realitatearutiera.ro\/index.php?rest_route=\/wp\/v2\/media\/81853"}],"wp:attachment":[{"href":"https:\/\/realitatearutiera.ro\/index.php?rest_route=%2Fwp%2Fv2%2Fmedia&parent=86139"}],"wp:term":[{"taxonomy":"category","embeddable":true,"href":"https:\/\/realitatearutiera.ro\/index.php?rest_route=%2Fwp%2Fv2%2Fcategories&post=86139"},{"taxonomy":"post_tag","embeddable":true,"href":"https:\/\/realitatearutiera.ro\/index.php?rest_route=%2Fwp%2Fv2%2Ftags&post=86139"}],"curies":[{"name":"wp","href":"https:\/\/api.w.org\/{rel}","templated":true}]}}