{"id":86396,"date":"2022-05-24T08:52:26","date_gmt":"2022-05-24T05:52:26","guid":{"rendered":"http:\/\/realitatearutiera.ro\/?p=86396"},"modified":"2022-05-24T08:52:32","modified_gmt":"2022-05-24T05:52:32","slug":"vremea-temperaturile-cresc-usor-iar-in-vest-sud-vest-centru-si-sud-vin-cateva-averse","status":"publish","type":"post","link":"https:\/\/realitatearutiera.ro\/?p=86396","title":{"rendered":"Vremea: Temperaturile cresc u\u0219or, iar \u00een vest, sud-vest centru \u0219i sud vin c\u00e2teva averse"},"content":{"rendered":"\n<p>Mar\u021bi temperaturile cresc u\u0219or. \u00cen vest, sud-vest, centru \u0219i sud norii se \u00eenmul\u021besc, vin c\u00e2teva serii de averse \u0219i s-ar putea s\u0103 cad\u0103 grindina.<\/p>\n\n\n\n<p>V\u00e2ntul agit\u0103 atmosfera pe crestele Meridionalilor, iar maximele pleac\u0103 de la 18 grade la malul m\u0103rii \u0219i ajung la 27-28 de grade \u00een Lunca Dun\u0103rii.<br>&nbsp;<\/p>\n\n\n\n<h2 class=\"wp-block-heading\">Vremea pe regiuni<\/h2>\n\n\n\n<p><br>\u00cen\u00a0<strong>Dobrogea \u0219i \u00een B\u0103r\u0103gan<\/strong>\u00a0avem vreme frumoas\u0103 \u0219i temperaturi apropiate de normalul perioadei \u00een aproape toat\u0103 provincia, cu excep\u021bia litoralului, pe unde atmosfera se men\u021bine r\u0103coroas\u0103 pentru data din calendar. Maximele pornesc de la 18 grade la malul m\u0103rii \u0219i ating 25 de grade \u00een B\u0103r\u0103gan.<\/p>\n\n\n\n<p>O situa\u021bie similar\u0103 avem \u0219i mai sus, \u00een&nbsp;<strong>Moldova sudic\u0103 \u0219i \u00een nordul Munteniei<\/strong>. Norii apar destul de rar, nici v\u00e2ntul nu pune probleme \u0219i se mai \u00eenc\u0103lze\u0219te fa\u021b\u0103 de luni. La amiaz\u0103 termometrele vor indica 23-24 de grade.<\/p>\n\n\n\n<p>\u00cen&nbsp;<strong>jum\u0103tatea nordic\u0103 a Moldovei \u0219i \u00een Bucovina<\/strong>&nbsp;g\u0103sim soare \u0219i atmosfer\u0103 pl\u0103cut\u0103. Temperaturile c\u00e2\u0219tig\u0103 5-6 grade fa\u021b\u0103 de ziua trecut\u0103 \u0219i mar\u021bi vor fi \u00eentre 20 \u0219i 23 de grade Celsius.<\/p>\n\n\n\n<p>Se face mai cald \u0219i \u00een&nbsp;<strong>nordul Transilvaniei \u0219i \u00een Maramure\u0219<\/strong>, pe unde avem vreme schimb\u0103toare. Din c\u00e2nd \u00een c\u00e2nd se \u00eennoreaz\u0103, \u00eens\u0103 condi\u021biile de ploaie sunt reduse, iar maximele ajung la 24 de grade \u00een zona Maramure\u0219ului.<\/p>\n\n\n\n<p>\u00cen&nbsp;<strong>\u021binuturile vestice<\/strong>&nbsp;se adun\u0103 norii \u0219i vor fi perioade cu averse \u00eenso\u021bite de desc\u0103rc\u0103ri electrice. Izolat se pot str\u00e2nge cantit\u0103\u021bi mari de ap\u0103 \u0219i vor fi condi\u021bii de grindin\u0103. V\u00e2ntul se \u00eente\u021be\u0219te pe timpul ploilor, iar temperaturile urc\u0103 p\u00e2n\u0103 la 24 de grade \u00een Banat.<\/p>\n\n\n\n<p>\u00cen&nbsp;<strong>Transilvania<\/strong>, dup\u0103 o noapte rece, soarele \u00eenc\u0103lze\u0219te treptat atmosfera. Amiaza ne aduce temperaturi mai mari dec\u00e2t luni \u0219i se vor \u00eenregistra 26 de grade \u00een vestul provinciei, pe la Alba Iulia. Pe parcursul zilei apar c\u00e2\u021biva nori de ploaie, iar v\u00e2ntul prinde putere pe crestele Meridionalilor.<\/p>\n\n\n\n<p>\u00cen&nbsp;<strong>Oltenia<\/strong>&nbsp;vin averse mai serioase, \u00eenso\u021bite de tunete, fulgere \u0219i rafale puternice de v\u00e2nt. Se pot acumula cantit\u0103\u021bi \u00eensemnate de ap\u0103 \u0219i nu e exclus s\u0103 cad\u0103 grindina. Maximele ating 26 de grade \u00een zona Drobeta Turnu Severin.<\/p>\n\n\n\n<p>\u00cen&nbsp;<strong>\u021binuturile sudice<\/strong>&nbsp;norii se \u00eenmul\u021besc, \u00eens\u0103 ploile apar pe spa\u021bii mai mici. Temperaturile r\u0103m\u00e2n la valori similare cu cele de ieri, iar dup\u0103 pr\u00e2nz se vor \u00eenregistr\u0103 27-28 de grade, \u00een Lunca Dun\u0103rii.<\/p>\n\n\n\n<p>\u00cen&nbsp;<strong>Bucure\u0219ti<\/strong>&nbsp;va domina atmosfera \u00eensorit\u0103, iar la amiaz\u0103 temperatura urc\u0103 p\u00e2n\u0103 la 26 de grade. Pe sear\u0103 \u0219i la \u00eenceputul nop\u021bii se adun\u0103 norii \u0219i s-ar putea s\u0103 picure trec\u0103tor, iar minima atinge 13 grade.<\/p>\n\n\n\n<p>La\u00a0<strong>munte<\/strong>\u00a0prindem vreme schimb\u0103toare \u0219i va fi pu\u021bin mai cald dec\u00e2t luni. Pe parcursul zilei se \u00eennoreaz\u0103 \u0219i apar averse zgomotoase, \u00eendeosebi \u00een Occidentali \u0219i \u00een Meridionali. Se pot acumula cantit\u0103\u021bi mari de ap\u0103, vor fi condi\u021bii de grindin\u0103, iar v\u00e2ntul se \u00eente\u021be\u0219te \u00een zona \u00eenalt\u0103 a masivelor sudice.<\/p>\n\n\n\n<p>Sursa:stirileprotv<\/p>\n","protected":false},"excerpt":{"rendered":"<p>Mar\u021bi temperaturile cresc u\u0219or. \u00cen vest, sud-vest, centru \u0219i sud norii se \u00eenmul\u021besc, vin c\u00e2teva serii de averse \u0219i s-ar<\/p>\n","protected":false},"author":1,"featured_media":86397,"comment_status":"open","ping_status":"closed","sticky":false,"template":"","format":"standard","meta":{"spay_email":"","footnotes":"","jetpack_publicize_message":""},"categories":[6],"tags":[],"class_list":["post-86396","post","type-post","status-publish","format-standard","has-post-thumbnail","hentry","category-social"],"jetpack_featured_media_url":"https:\/\/i0.wp.com\/realitatearutiera.ro\/wp-content\/uploads\/2022\/05\/62261481.jpg?fit=800%2C450&ssl=1","jetpack_publicize_connections":[],"jetpack_sharing_enabled":true,"jetpack_shortlink":"https:\/\/wp.me\/p61naM-mtu","jetpack-related-posts":[],"_links":{"self":[{"href":"https:\/\/realitatearutiera.ro\/index.php?rest_route=\/wp\/v2\/posts\/86396","targetHints":{"allow":["GET"]}}],"collection":[{"href":"https:\/\/realitatearutiera.ro\/index.php?rest_route=\/wp\/v2\/posts"}],"about":[{"href":"https:\/\/realitatearutiera.ro\/index.php?rest_route=\/wp\/v2\/types\/post"}],"author":[{"embeddable":true,"href":"https:\/\/realitatearutiera.ro\/index.php?rest_route=\/wp\/v2\/users\/1"}],"replies":[{"embeddable":true,"href":"https:\/\/realitatearutiera.ro\/index.php?rest_route=%2Fwp%2Fv2%2Fcomments&post=86396"}],"version-history":[{"count":1,"href":"https:\/\/realitatearutiera.ro\/index.php?rest_route=\/wp\/v2\/posts\/86396\/revisions"}],"predecessor-version":[{"id":86398,"href":"https:\/\/realitatearutiera.ro\/index.php?rest_route=\/wp\/v2\/posts\/86396\/revisions\/86398"}],"wp:featuredmedia":[{"embeddable":true,"href":"https:\/\/realitatearutiera.ro\/index.php?rest_route=\/wp\/v2\/media\/86397"}],"wp:attachment":[{"href":"https:\/\/realitatearutiera.ro\/index.php?rest_route=%2Fwp%2Fv2%2Fmedia&parent=86396"}],"wp:term":[{"taxonomy":"category","embeddable":true,"href":"https:\/\/realitatearutiera.ro\/index.php?rest_route=%2Fwp%2Fv2%2Fcategories&post=86396"},{"taxonomy":"post_tag","embeddable":true,"href":"https:\/\/realitatearutiera.ro\/index.php?rest_route=%2Fwp%2Fv2%2Ftags&post=86396"}],"curies":[{"name":"wp","href":"https:\/\/api.w.org\/{rel}","templated":true}]}}