{"id":86402,"date":"2022-05-24T09:26:01","date_gmt":"2022-05-24T06:26:01","guid":{"rendered":"http:\/\/realitatearutiera.ro\/?p=86402"},"modified":"2022-05-24T09:26:06","modified_gmt":"2022-05-24T06:26:06","slug":"politia-testeaza-o-aplicatie-prin-care-fotografiaza-si-filmeaza-numarul-de-inmatriculare-si-afla-rapid-ce-masina-are-rca-sau-nu","status":"publish","type":"post","link":"https:\/\/realitatearutiera.ro\/?p=86402","title":{"rendered":"Poli\u021bia testeaz\u0103 o aplica\u021bie prin care fotografiaz\u0103 \u0219i filmeaz\u0103 num\u0103rul de \u00eenmatriculare \u0219i afl\u0103 rapid ce ma\u0219in\u0103 are RCA sau nu"},"content":{"rendered":"\n<p id=\"1\"><strong>Poli\u021bia Rom\u00e2n\u0103 testeaz\u0103 \u00een prezent o aplica\u021bie de mobil prin care ar putea fotografia \u0219i filma numerele de \u00eenmatriculare \u0219i ar putea afla, \u00een c\u00e2teva frac\u021biuni de secund\u0103, conect\u00e2ndu-se la\u00a0<a rel=\"noreferrer noopener\" href=\"https:\/\/www.aida.info.ro\/polite-rca\" target=\"_blank\">baza de date AIDA cu poli\u021bele RCA<\/a>, dac\u0103 o ma\u0219in\u0103 este asigurat\u0103 sau nu, a declarat luni M\u0103d\u0103lin Ro\u0219u, pre\u0219edintele Biroului Asigur\u0103torilor Auto (BAAR). Se estimeaz\u0103 c\u0103 folosirea aplica\u021biei va deveni opera\u021bional\u0103 \u00een acest an.<\/strong><\/p>\n\n\n\n<p id=\"1\"><video preload=\"true\" src=\"https:\/\/media.hotnews.ro\/media_server1\/generic_file-2022-03-18-25442879-0-video-2.mp4\"><img decoding=\"async\" src=\"https:\/\/i1.wp.com\/media.hotnews.ro\/media_server1\/image-2022-02-22-25380601-41-supraveghere-trafic-auto.jpg?w=800&#038;ssl=1\" data-recalc-dims=\"1\">Supraveghere trafic auto<em>Foto: AGERPRES<\/em><\/p>\n\n\n\n<p id=\"2\">Aplica\u021bia a fost dezvoltat\u0103 de c\u0103tre&nbsp;<a href=\"https:\/\/www.baar.ro\/\" target=\"_blank\" rel=\"noreferrer noopener\"><strong>Biroul Asigur\u0103torilor Auto (BAAR)<\/strong><\/a><strong><\/strong>&nbsp;\u0219i pus\u0103 la dispozi\u021bie spre testare Poli\u021biei Rom\u00e2ne, a spus luni&nbsp;<a href=\"https:\/\/www.fiar.ro\/en\/\" target=\"_blank\" rel=\"noreferrer noopener\"><strong>\u00een cadrul FIAR 2022<\/strong><\/a><strong><\/strong>, M\u0103d\u0103lin Ro\u0219u.<\/p>\n\n\n\n<h2 class=\"wp-block-heading\">Poli\u021bia a testat deja aplica\u021bia din perspectiva fotografierii num\u0103rului de \u00eenmatriculare<\/h2>\n\n\n\n<p id=\"3\">La solicitarea HotNews.ro, pre\u0219edintele BAAR a dat detalii despre stadiul test\u0103rii acestei aplica\u021bii de c\u0103tre Poli\u021bia Rom\u00e2n\u0103.<\/p>\n\n\n\n<ul class=\"wp-block-list\"><li>\u201eAplica\u021bia a fost deja testat\u0103 din perspectiva fotografierii num\u0103rului de \u00eenmatriculare. \u00cen c\u00e2teva frac\u021biuni de secund\u0103 aplica\u021bia interogheaz\u0103 baza de date AIDA \u0219i \u00eentoarce r\u0103spunsul dac\u0103 ma\u0219ina este e asigurat\u0103 sau nu.<\/li><li>Apoi poli\u021bistul poate lua decizia s\u0103 opreasc\u0103 ma\u0219ina \u0219i s\u0103 verifice dac\u0103 \u00eentr-adev\u0103r are sau nu asigurare, pentru c\u0103 se pot \u00eent\u00e2mpla cazuri \u00een care ma\u0219ina are asigurare, dar e f\u0103cut\u0103 pe seria de \u0219asiu &#8211; e \u00een vederea \u00eenmatricul\u0103rii &#8211; \u0219i atunci numn\u0103rul de \u00eenamtriculare nu figureaz\u0103, ci figureaz\u0103 \u0219asiul. Se va rezolva \u00een timp \u0219i acest aspect.<\/li><li><strong>Se lucreaz\u0103 \u00een prezent \u0219i la capacitatea de a filma a aplica\u021biei.<\/strong>&nbsp;\u00cen momentul de fa\u021b\u0103 aplica\u021bia permite c\u0103utarea doar dup\u0103 fotografie. Acum se lucreaz\u0103 la testarea unei variante video, adic\u0103&nbsp;<strong>\u00een timp ce poli\u021bistul circul\u0103 cu ma\u0219ina \u0219i filmeaz\u0103, aplica\u021bia vede num\u0103rul \u0219i semnaleaz\u0103<\/strong>&nbsp;dac\u0103 e asigurat\u0103 sau nu.\u201d,&nbsp;<strong>a precizat luni pentru HotNews.ro M\u0103d\u0103lin Ro\u0219u, pre\u0219edintele BAAR.<\/strong><\/li><\/ul>\n\n\n\n<p id=\"4\">Acesta a mai spus c\u0103 aplica\u021bia \u00een sine este interconectat\u0103 cu baza de date AIDA \u0219i va fi disponibil\u0103 doar pentru Poli\u021bie.<\/p>\n\n\n\n<ul class=\"wp-block-list\"><li>\u201eAplica\u021bia va fi pus\u0103 pe aparate speciale, securizate ale Poli\u021biei, deci nu va fi la liber pentru toat\u0103 lumea. Vom \u00eencerca s\u0103 ducem aplica\u021bia mai departe, poate reusim s\u0103 o integr\u0103m cu camerele de CNAIR, s\u0103 interconect\u0103m cu sistemele radar.<\/li><li>Partea de fotografie func\u021bioneaz\u0103 \u0219i a \u0219i fost testat\u0103 de c\u00e2teva misiuni ale unor echipaje de Poli\u021bie \u00een \u021bar\u0103. La partea video \u00eenc\u0103 se lucreaz\u0103. Anul acesta estim\u0103m c\u0103 se va da drumul la aplica\u021bie.\u201d, a mai spus pre\u0219edintele BAAR.<\/li><\/ul>\n\n\n\n<h2 class=\"wp-block-heading\">Doar 70% dintre ma\u0219inile \u00eenmatriculate \u00een Rom\u00e2nia au RCA<\/h2>\n\n\n\n<p id=\"5\">Parcul auto din Rom\u00e2nia avea peste 9,6 milioane de autovehicule \u00eenmatriculate la sf\u00e2r\u0219itul anului trecut, dar nu toate aveau asigurare obligatorie de r\u0103spundere civil\u0103 auto RCA. \u00cen aceea\u0219i perioad\u0103 de referin\u021b\u0103, \u00een \u021bar\u0103 erau valabile doar 6,7 milioane de poli\u021be de asigurare RCA, arat\u0103 datele transmise de ASF \u0219i MAI \u00een Parlament.<\/p>\n\n\n\n<p id=\"6\">Cu alte cuvinte,&nbsp;<a href=\"https:\/\/economie.hotnews.ro\/stiri-pensii_private-25469061-doar-70-din-cele-peste-9-6-milioane-autovehicule-inmatriculate-romania-sunt-asigurate-rca-posibile-riscuri-explicatii.htm\"><strong>doar 70% din ma\u0219inile \u00eenmatriculate sunt asigurate RCA.<\/strong><\/a><strong><\/strong>&nbsp;Este un semnal de alarm\u0103, dar asta nu \u00eenseamn\u0103 ca 1 din 3 ma\u0219ini care circula pe \u0219oselele din Rom\u00e2nia nu are asigurare RCA. Unele ma\u0219ini zac prin parc\u0103ri luni sau chiar ani.<\/p>\n\n\n\n<p id=\"7\">Totu\u0219i, potrivit Legii 132\/2017, \u00een astfel de cazuri, \u0219oferul ar trebui s\u0103 suspende contractul RCA, s\u0103 depun\u0103 pl\u0103cu\u021bele de \u00eenmatriculare la autoritatea care le-a eliberat \u0219i s\u0103 imobilizeze vehiculul \u00eentr-un spa\u021biu privat, \u00een afara domeniului public.<\/p>\n\n\n\n<p id=\"8\">\u00cen caz contrar, \u0219oferii risc\u0103 amenzi \u00eentre 1.000 lei \u0219i 2.000 de lei \u0219i re\u021binerea certificatului de \u00eenmatriculare sau \u00eenregistrare a vehiculului.<\/p>\n\n\n\n<p>Sursa:hotnews<\/p>\n","protected":false},"excerpt":{"rendered":"<p>Poli\u021bia Rom\u00e2n\u0103 testeaz\u0103 \u00een prezent o aplica\u021bie de mobil prin care ar putea fotografia \u0219i filma numerele de \u00eenmatriculare \u0219i<\/p>\n","protected":false},"author":1,"featured_media":86403,"comment_status":"open","ping_status":"closed","sticky":false,"template":"","format":"standard","meta":{"spay_email":"","footnotes":"","jetpack_publicize_message":""},"categories":[6],"tags":[],"class_list":["post-86402","post","type-post","status-publish","format-standard","has-post-thumbnail","hentry","category-social"],"jetpack_featured_media_url":"https:\/\/i1.wp.com\/realitatearutiera.ro\/wp-content\/uploads\/2022\/05\/RCA-politie-1513x919-1.jpg?fit=1513%2C919&ssl=1","jetpack_publicize_connections":[],"jetpack_sharing_enabled":true,"jetpack_shortlink":"https:\/\/wp.me\/p61naM-mtA","jetpack-related-posts":[],"_links":{"self":[{"href":"https:\/\/realitatearutiera.ro\/index.php?rest_route=\/wp\/v2\/posts\/86402","targetHints":{"allow":["GET"]}}],"collection":[{"href":"https:\/\/realitatearutiera.ro\/index.php?rest_route=\/wp\/v2\/posts"}],"about":[{"href":"https:\/\/realitatearutiera.ro\/index.php?rest_route=\/wp\/v2\/types\/post"}],"author":[{"embeddable":true,"href":"https:\/\/realitatearutiera.ro\/index.php?rest_route=\/wp\/v2\/users\/1"}],"replies":[{"embeddable":true,"href":"https:\/\/realitatearutiera.ro\/index.php?rest_route=%2Fwp%2Fv2%2Fcomments&post=86402"}],"version-history":[{"count":1,"href":"https:\/\/realitatearutiera.ro\/index.php?rest_route=\/wp\/v2\/posts\/86402\/revisions"}],"predecessor-version":[{"id":86404,"href":"https:\/\/realitatearutiera.ro\/index.php?rest_route=\/wp\/v2\/posts\/86402\/revisions\/86404"}],"wp:featuredmedia":[{"embeddable":true,"href":"https:\/\/realitatearutiera.ro\/index.php?rest_route=\/wp\/v2\/media\/86403"}],"wp:attachment":[{"href":"https:\/\/realitatearutiera.ro\/index.php?rest_route=%2Fwp%2Fv2%2Fmedia&parent=86402"}],"wp:term":[{"taxonomy":"category","embeddable":true,"href":"https:\/\/realitatearutiera.ro\/index.php?rest_route=%2Fwp%2Fv2%2Fcategories&post=86402"},{"taxonomy":"post_tag","embeddable":true,"href":"https:\/\/realitatearutiera.ro\/index.php?rest_route=%2Fwp%2Fv2%2Ftags&post=86402"}],"curies":[{"name":"wp","href":"https:\/\/api.w.org\/{rel}","templated":true}]}}