{"id":8669,"date":"2016-05-20T10:44:29","date_gmt":"2016-05-20T07:44:29","guid":{"rendered":"http:\/\/realitatearutiera.ro\/?p=8669"},"modified":"2016-05-20T10:44:29","modified_gmt":"2016-05-20T07:44:29","slug":"eveniment-inedit-noaptea-muzeelor-2016-la-iasi","status":"publish","type":"post","link":"https:\/\/realitatearutiera.ro\/?p=8669","title":{"rendered":"Eveniment inedit: NOAPTEA MUZEELOR 2016 la Iasi"},"content":{"rendered":"<p>&nbsp;<\/p>\n<p>NOAPTEA MUZEELOR ini\u021biat\u0103 de Ministerul Culturii \u0219i Comunic\u0103rii din Fran\u021ba \u0219i patronat\u0103 \u00een prezent de Consiliul Europei, de UNESCO \u0219i de Consiliul Interna\u021bional al Muzeelor, Noaptea Muzeelor este un eveniment de succes european, desf\u0103\u0219urat la nivel interna\u021bional. \u00cen Rom\u00e2nia evenimentul este organizat de Re\u021beaua Na\u021bional\u0103 a Muzeelor, membru \u00een conducerea celei mai mari re\u021bele pan-europene a muzeelor \u2014 Network of European Museu.<\/p>\n<p>Al\u0103turi de sute de ora\u0219e europene \u015fi na\u0163ionale, Ia\u0219ul va s\u0103rb\u0103tori s\u00e2mb\u0103t\u0103 sear\u0103 &#8220;Noaptea muzeelor&#8221;.La Ia\u0219i. 23 de muzee vor avea por\u021bile deschise p\u00e2n\u0103 dup\u0103 miezul nop\u021bii. Publicul va fi \u00a0\u00eent\u00e2mpinat cu momente artistice \u0219i expozi\u021bii, iar tramvaiul de epoc\u0103 va circula la ore t\u00e2rzii.\u00a0 Vor avea program prelungit muzeografii de la Palatul Culturii, Muzeul Unirii, Muzeul &#8220;Poni-Cern\u0103tescu&#8221;, Palatul &#8220;Alexandru Ioan Cuza&#8221; de la Ruginoasa, Muzeul Memorial &#8220;Mihail Kog\u0103lniceanu&#8221;.<\/p>\n<p>Aici g\u0103si\u0163i lista complet\u0103 a muzeelor participante:<a href=\"http:\/\/noapteamuzeelor.ro\/#Iasi-5\">\u00a0http:\/\/noapteamuzeelor.ro\/#Iasi-5<\/a><\/p>\n<p>&nbsp;<\/p>\n","protected":false},"excerpt":{"rendered":"<p>&nbsp; NOAPTEA MUZEELOR ini\u021biat\u0103 de Ministerul Culturii \u0219i Comunic\u0103rii din Fran\u021ba \u0219i patronat\u0103 \u00een prezent de Consiliul Europei, de UNESCO<\/p>\n","protected":false},"author":1,"featured_media":8670,"comment_status":"open","ping_status":"open","sticky":false,"template":"","format":"standard","meta":{"spay_email":"","footnotes":"","jetpack_publicize_message":""},"categories":[6],"tags":[],"class_list":["post-8669","post","type-post","status-publish","format-standard","has-post-thumbnail","hentry","category-social"],"jetpack_featured_media_url":"https:\/\/i2.wp.com\/realitatearutiera.ro\/wp-content\/uploads\/2016\/05\/images-1-1.jpg?fit=259%2C194&ssl=1","jetpack_publicize_connections":[],"jetpack_sharing_enabled":true,"jetpack_shortlink":"https:\/\/wp.me\/p61naM-2fP","jetpack-related-posts":[],"_links":{"self":[{"href":"https:\/\/realitatearutiera.ro\/index.php?rest_route=\/wp\/v2\/posts\/8669","targetHints":{"allow":["GET"]}}],"collection":[{"href":"https:\/\/realitatearutiera.ro\/index.php?rest_route=\/wp\/v2\/posts"}],"about":[{"href":"https:\/\/realitatearutiera.ro\/index.php?rest_route=\/wp\/v2\/types\/post"}],"author":[{"embeddable":true,"href":"https:\/\/realitatearutiera.ro\/index.php?rest_route=\/wp\/v2\/users\/1"}],"replies":[{"embeddable":true,"href":"https:\/\/realitatearutiera.ro\/index.php?rest_route=%2Fwp%2Fv2%2Fcomments&post=8669"}],"version-history":[{"count":1,"href":"https:\/\/realitatearutiera.ro\/index.php?rest_route=\/wp\/v2\/posts\/8669\/revisions"}],"predecessor-version":[{"id":8671,"href":"https:\/\/realitatearutiera.ro\/index.php?rest_route=\/wp\/v2\/posts\/8669\/revisions\/8671"}],"wp:featuredmedia":[{"embeddable":true,"href":"https:\/\/realitatearutiera.ro\/index.php?rest_route=\/wp\/v2\/media\/8670"}],"wp:attachment":[{"href":"https:\/\/realitatearutiera.ro\/index.php?rest_route=%2Fwp%2Fv2%2Fmedia&parent=8669"}],"wp:term":[{"taxonomy":"category","embeddable":true,"href":"https:\/\/realitatearutiera.ro\/index.php?rest_route=%2Fwp%2Fv2%2Fcategories&post=8669"},{"taxonomy":"post_tag","embeddable":true,"href":"https:\/\/realitatearutiera.ro\/index.php?rest_route=%2Fwp%2Fv2%2Ftags&post=8669"}],"curies":[{"name":"wp","href":"https:\/\/api.w.org\/{rel}","templated":true}]}}