{"id":86881,"date":"2022-06-06T08:46:26","date_gmt":"2022-06-06T05:46:26","guid":{"rendered":"http:\/\/realitatearutiera.ro\/?p=86881"},"modified":"2022-06-06T08:46:31","modified_gmt":"2022-06-06T05:46:31","slug":"doua-persoane-au-murit-intr-un-accident-grav-in-judetul-constanta","status":"publish","type":"post","link":"https:\/\/realitatearutiera.ro\/?p=86881","title":{"rendered":"Dou\u0103 persoane au murit \u00eentr-un accident GRAV \u00een jude\u021bul Constan\u021ba"},"content":{"rendered":"\n<p>Un grav accident rutier a avut loc, duminic\u0103 seara, \u00een jude\u0163ul Constan\u0163a, dup\u0103 ce un autotren \u00eenc\u0103rcat cu combustibil \u015fi un autoturism s-au ciocnit. ISU Dobrogea a confirmat c\u0103 \u00een urma accidentului dou\u0103 persoane aflate \u00een autoturism \u015fi-au pierdut via\u0163a. <\/p>\n\n\n\n<figure class=\"wp-block-image size-full\"><img loading=\"lazy\" decoding=\"async\" width=\"646\" height=\"404\" data-attachment-id=\"86882\" data-permalink=\"https:\/\/realitatearutiera.ro\/?attachment_id=86882\" data-orig-file=\"https:\/\/i0.wp.com\/realitatearutiera.ro\/wp-content\/uploads\/2022\/06\/image-14.png?fit=646%2C404&amp;ssl=1\" data-orig-size=\"646,404\" data-comments-opened=\"1\" data-image-meta=\"{&quot;aperture&quot;:&quot;0&quot;,&quot;credit&quot;:&quot;&quot;,&quot;camera&quot;:&quot;&quot;,&quot;caption&quot;:&quot;&quot;,&quot;created_timestamp&quot;:&quot;0&quot;,&quot;copyright&quot;:&quot;&quot;,&quot;focal_length&quot;:&quot;0&quot;,&quot;iso&quot;:&quot;0&quot;,&quot;shutter_speed&quot;:&quot;0&quot;,&quot;title&quot;:&quot;&quot;,&quot;orientation&quot;:&quot;0&quot;}\" data-image-title=\"image-14\" data-image-description=\"\" data-medium-file=\"https:\/\/i0.wp.com\/realitatearutiera.ro\/wp-content\/uploads\/2022\/06\/image-14.png?fit=300%2C188&amp;ssl=1\" data-large-file=\"https:\/\/i0.wp.com\/realitatearutiera.ro\/wp-content\/uploads\/2022\/06\/image-14.png?fit=646%2C404&amp;ssl=1\" src=\"https:\/\/i0.wp.com\/realitatearutiera.ro\/wp-content\/uploads\/2022\/06\/image-14.png?resize=646%2C404\" alt=\"\" class=\"wp-image-86882\" srcset=\"https:\/\/i0.wp.com\/realitatearutiera.ro\/wp-content\/uploads\/2022\/06\/image-14.png?w=646&amp;ssl=1 646w, https:\/\/i0.wp.com\/realitatearutiera.ro\/wp-content\/uploads\/2022\/06\/image-14.png?resize=300%2C188&amp;ssl=1 300w\" sizes=\"auto, (max-width: 646px) 100vw, 646px\" data-recalc-dims=\"1\" \/><\/figure>\n\n\n\n<p> Centrul Infotrafic din Inspectoratul General al Poli\u0163iei a anun\u0163at c\u0103 pe DN 2A Constan\u0163a-H\u00e2r\u015fova, \u00een zona localit\u0103\u0163ii Crucea, s-a produs un accident \u00eentre un autotren \u00eenc\u0103rcat cu combustibil \u015fi un autoturism. \u00a0 <\/p>\n\n\n\n<p>\u201ePotrivit primelor informa\u0163ii, sunt scurgeri din autotren pe suprafa\u0163a de rulare\u201d, a transmis Centrul Infotrafic. \u00a0 <\/p>\n\n\n\n<p>Conform sursei citate, traficul rutier este \u00eentrerupt pe ambele sensuri \u015fi se estimeaz\u0103 reluarea normal\u0103 a circula\u0163iei \u00een 60 de minute. \u00a0<\/p>\n\n\n\n<p> Inspectoratul pentru Situa\u0163ii de Urgen\u0163\u0103 Dobrogea a anun\u0163at c\u0103 la locul accidentului s-au deplasat o autospecial\u0103 cu ap\u0103 \u015fi spum\u0103, un echipaj de descarcerare, un echipaj SMURD \u015fi unul al Serviciului Jude\u0163ean de Ambulan\u0163\u0103. Potrivit primelor informa\u0163ii, dou\u0103 persoane ar fi \u00eencarcerate.<\/p>\n\n\n\n<p>Sursa:adevarul<\/p>\n","protected":false},"excerpt":{"rendered":"<p>Un grav accident rutier a avut loc, duminic\u0103 seara, \u00een jude\u0163ul Constan\u0163a, dup\u0103 ce un autotren \u00eenc\u0103rcat cu combustibil \u015fi<\/p>\n","protected":false},"author":1,"featured_media":80269,"comment_status":"open","ping_status":"closed","sticky":false,"template":"","format":"standard","meta":{"spay_email":"","footnotes":"","jetpack_publicize_message":""},"categories":[1],"tags":[],"class_list":["post-86881","post","type-post","status-publish","format-standard","has-post-thumbnail","hentry","category-uncategorized"],"jetpack_featured_media_url":"https:\/\/i1.wp.com\/realitatearutiera.ro\/wp-content\/uploads\/2021\/11\/accident.jpg?fit=1200%2C630&ssl=1","jetpack_publicize_connections":[],"jetpack_sharing_enabled":true,"jetpack_shortlink":"https:\/\/wp.me\/p61naM-mBj","jetpack-related-posts":[],"_links":{"self":[{"href":"https:\/\/realitatearutiera.ro\/index.php?rest_route=\/wp\/v2\/posts\/86881","targetHints":{"allow":["GET"]}}],"collection":[{"href":"https:\/\/realitatearutiera.ro\/index.php?rest_route=\/wp\/v2\/posts"}],"about":[{"href":"https:\/\/realitatearutiera.ro\/index.php?rest_route=\/wp\/v2\/types\/post"}],"author":[{"embeddable":true,"href":"https:\/\/realitatearutiera.ro\/index.php?rest_route=\/wp\/v2\/users\/1"}],"replies":[{"embeddable":true,"href":"https:\/\/realitatearutiera.ro\/index.php?rest_route=%2Fwp%2Fv2%2Fcomments&post=86881"}],"version-history":[{"count":1,"href":"https:\/\/realitatearutiera.ro\/index.php?rest_route=\/wp\/v2\/posts\/86881\/revisions"}],"predecessor-version":[{"id":86883,"href":"https:\/\/realitatearutiera.ro\/index.php?rest_route=\/wp\/v2\/posts\/86881\/revisions\/86883"}],"wp:featuredmedia":[{"embeddable":true,"href":"https:\/\/realitatearutiera.ro\/index.php?rest_route=\/wp\/v2\/media\/80269"}],"wp:attachment":[{"href":"https:\/\/realitatearutiera.ro\/index.php?rest_route=%2Fwp%2Fv2%2Fmedia&parent=86881"}],"wp:term":[{"taxonomy":"category","embeddable":true,"href":"https:\/\/realitatearutiera.ro\/index.php?rest_route=%2Fwp%2Fv2%2Fcategories&post=86881"},{"taxonomy":"post_tag","embeddable":true,"href":"https:\/\/realitatearutiera.ro\/index.php?rest_route=%2Fwp%2Fv2%2Ftags&post=86881"}],"curies":[{"name":"wp","href":"https:\/\/api.w.org\/{rel}","templated":true}]}}