{"id":86935,"date":"2022-06-07T08:41:23","date_gmt":"2022-06-07T05:41:23","guid":{"rendered":"http:\/\/realitatearutiera.ro\/?p=86935"},"modified":"2022-06-07T08:41:29","modified_gmt":"2022-06-07T05:41:29","slug":"accident-rutier-in-localitatea-fantana-mare-suceava%ef%bf%bc","status":"publish","type":"post","link":"https:\/\/realitatearutiera.ro\/?p=86935","title":{"rendered":"Accident rutier \u00een localitatea F\u00e2nt\u00e2na Mare- Suceava\ufffc"},"content":{"rendered":"\n<figure class=\"wp-block-image is-resized\"><img loading=\"lazy\" decoding=\"async\" src=\"https:\/\/i1.wp.com\/romania24.ro\/wp-content\/uploads\/2022\/06\/acc-suceava-3-e1654579877715.jpeg?resize=516%2C386&#038;ssl=1\" alt=\"acc suceava (3)\" width=\"516\" height=\"386\" data-recalc-dims=\"1\" \/><\/figure>\n\n\n\n<p><strong>Un accident rutier a avut loc, mar\u021bi diminea\u021b\u0103 \u00een localitatea F\u00e2nt\u00e2na Mare, jude\u021bul Suceava. Din primele date, \u0219oferul unui TIR a pierdut controlul asupra direc\u021biei de deplasare \u0219i s-a r\u0103sturnat cu TIR-ul \u00een afara drumului. B\u0103rbatul a r\u0103mas \u00eencarcerat.<\/strong><\/p>\n\n\n\n<p>Potrivit ISU Suceava, un autocamion s-a r\u0103sturnat \u00een afara p\u0103r\u021bii carosabile pe raza localit\u0103\u021bii F\u00e2nt\u00e2na Mare.<\/p>\n\n\n\n<p>A fost implicat doar \u0219oferul autotrenului, con\u0219tient \u0219i cooperant, care a r\u0103mas blocat \u00een interiorul autovehiculului. Acesta a fost extras de c\u0103tre pompierii militari \u0219i predat echipajului de prim ajutor.<\/p>\n\n\n\n<p>\u0218oferul a fost transportat la spital.<\/p>\n\n\n\n<figure class=\"wp-block-image is-resized\"><img loading=\"lazy\" decoding=\"async\" src=\"https:\/\/i0.wp.com\/romania24.ro\/wp-content\/uploads\/2022\/06\/acc-suceava4-e1654579881324.jpeg?resize=491%2C377&#038;ssl=1\" alt=\"acc suceava4\" class=\"wp-image-382790\" width=\"491\" height=\"377\" data-recalc-dims=\"1\" \/><\/figure>\n\n\n\n<p>La fa\u021ba locului au intervenit pompierii militari ai Deta\u0219amentului F\u0103lticeni cu o autospecial\u0103 pentru descarcerare, o autospecial\u0103 de stingere cu ap\u0103 \u0219i spum\u0103 cu sprijinul unui echipaj SAJ.<\/p>\n\n\n\n<p>Sursa:romania24<\/p>\n","protected":false},"excerpt":{"rendered":"<p>Un accident rutier a avut loc, mar\u021bi diminea\u021b\u0103 \u00een localitatea F\u00e2nt\u00e2na Mare, jude\u021bul Suceava. Din primele date, \u0219oferul unui TIR<\/p>\n","protected":false},"author":1,"featured_media":81853,"comment_status":"open","ping_status":"closed","sticky":false,"template":"","format":"standard","meta":{"spay_email":"","footnotes":"","jetpack_publicize_message":""},"categories":[1],"tags":[],"class_list":["post-86935","post","type-post","status-publish","format-standard","has-post-thumbnail","hentry","category-uncategorized"],"jetpack_featured_media_url":"https:\/\/i2.wp.com\/realitatearutiera.ro\/wp-content\/uploads\/2021\/12\/Accident_e3246b8bc6.jpg?fit=1920%2C1080&ssl=1","jetpack_publicize_connections":[],"jetpack_sharing_enabled":true,"jetpack_shortlink":"https:\/\/wp.me\/p61naM-mCb","jetpack-related-posts":[],"_links":{"self":[{"href":"https:\/\/realitatearutiera.ro\/index.php?rest_route=\/wp\/v2\/posts\/86935","targetHints":{"allow":["GET"]}}],"collection":[{"href":"https:\/\/realitatearutiera.ro\/index.php?rest_route=\/wp\/v2\/posts"}],"about":[{"href":"https:\/\/realitatearutiera.ro\/index.php?rest_route=\/wp\/v2\/types\/post"}],"author":[{"embeddable":true,"href":"https:\/\/realitatearutiera.ro\/index.php?rest_route=\/wp\/v2\/users\/1"}],"replies":[{"embeddable":true,"href":"https:\/\/realitatearutiera.ro\/index.php?rest_route=%2Fwp%2Fv2%2Fcomments&post=86935"}],"version-history":[{"count":1,"href":"https:\/\/realitatearutiera.ro\/index.php?rest_route=\/wp\/v2\/posts\/86935\/revisions"}],"predecessor-version":[{"id":86936,"href":"https:\/\/realitatearutiera.ro\/index.php?rest_route=\/wp\/v2\/posts\/86935\/revisions\/86936"}],"wp:featuredmedia":[{"embeddable":true,"href":"https:\/\/realitatearutiera.ro\/index.php?rest_route=\/wp\/v2\/media\/81853"}],"wp:attachment":[{"href":"https:\/\/realitatearutiera.ro\/index.php?rest_route=%2Fwp%2Fv2%2Fmedia&parent=86935"}],"wp:term":[{"taxonomy":"category","embeddable":true,"href":"https:\/\/realitatearutiera.ro\/index.php?rest_route=%2Fwp%2Fv2%2Fcategories&post=86935"},{"taxonomy":"post_tag","embeddable":true,"href":"https:\/\/realitatearutiera.ro\/index.php?rest_route=%2Fwp%2Fv2%2Ftags&post=86935"}],"curies":[{"name":"wp","href":"https:\/\/api.w.org\/{rel}","templated":true}]}}