{"id":86951,"date":"2022-06-07T10:31:12","date_gmt":"2022-06-07T07:31:12","guid":{"rendered":"http:\/\/realitatearutiera.ro\/?p=86951"},"modified":"2022-06-07T10:31:16","modified_gmt":"2022-06-07T07:31:16","slug":"grav-accident-in-localitatea-bradu-arges","status":"publish","type":"post","link":"https:\/\/realitatearutiera.ro\/?p=86951","title":{"rendered":"Grav accident \u00een localitatea Bradu-Arge\u0219"},"content":{"rendered":"\n<p><strong>Grav accident rutier produs, mar\u021bi diminea\u021b\u0103 \u00een localitatea Bradu din jude\u021bul Arge\u0219. Dou\u0103 ma\u0219ini s-au ciocnit puternic, iar din impact una a intrat \u00eentr-un st\u00e2lp de curent.<\/strong><\/p>\n\n\n\n<p>Potrivit ISU Arge\u0219, accidentul a avut loc pe raza localit\u0103\u021bii Bradu, \u00een zona Prim\u0103riei.<\/p>\n\n\n\n<p><strong>UPDATE:<\/strong>&nbsp;\u00cen urma impactului a rezultat o victim\u0103. Este vorba despre \u0219oferul unuia dintre autoturisme, \u00een v\u00e2rst\u0103 de aproximativ 58 de ani. Acesta a fost preluat de c\u0103tre exhipajul medical \u00een stare de \u0219oc \u0219i \u00e2 transportat la spital de c\u0103tre un echipaj mixt SMURD \u2013 SAJ.<\/p>\n\n\n<div class=\"wp-block-image\">\n<figure class=\"aligncenter\"><img decoding=\"async\" src=\"https:\/\/i0.wp.com\/romania24.ro\/wp-content\/uploads\/2022\/06\/acc-2-e1654584762417.jpg?w=800&#038;ssl=1\" alt=\"acc 2\" class=\"wp-image-382817\" data-recalc-dims=\"1\"\/><\/figure>\n<\/div>\n\n\n<p>La fa\u021ba locului au intervenit pompierii de la Deta\u0219amentele Pite\u0219ti \u0219i Bradu cu o autospecial\u0103 de stingere cu ap\u0103 \u0219i spum\u0103 \u0219i o ambulan\u021b\u0103 SMURD de prim ajutor calificat, al\u0103turi de un echipaj al SAJ.<\/p>\n\n\n<div class=\"wp-block-image\">\n<figure class=\"aligncenter\"><img decoding=\"async\" src=\"https:\/\/i1.wp.com\/romania24.ro\/wp-content\/uploads\/2022\/06\/accident-arges-e1654584571192.jpg?w=800&#038;ssl=1\" alt=\"accident arges\" class=\"wp-image-382815\" data-recalc-dims=\"1\"\/><\/figure>\n<\/div>\n\n\n<p>Din primele informa\u021bii, \u00een coliziune au fost implicate dou\u0103 autoturisme. \u00cen urma impactului, una dinte ma\u0219ini s-a izbit de un st\u00e2lp de curent.<\/p>\n\n\n\n<p>Sursa:romania24<\/p>\n","protected":false},"excerpt":{"rendered":"<p>Grav accident rutier produs, mar\u021bi diminea\u021b\u0103 \u00een localitatea Bradu din jude\u021bul Arge\u0219. Dou\u0103 ma\u0219ini s-au ciocnit puternic, iar din impact<\/p>\n","protected":false},"author":1,"featured_media":80859,"comment_status":"open","ping_status":"closed","sticky":false,"template":"","format":"standard","meta":{"spay_email":"","footnotes":"","jetpack_publicize_message":""},"categories":[1],"tags":[],"class_list":["post-86951","post","type-post","status-publish","format-standard","has-post-thumbnail","hentry","category-uncategorized"],"jetpack_featured_media_url":"https:\/\/realitatearutiera.ro\/wp-content\/uploads\/2021\/11\/accident-general-pompieri-smurd-112.webp","jetpack_publicize_connections":[],"jetpack_sharing_enabled":true,"jetpack_shortlink":"https:\/\/wp.me\/p61naM-mCr","jetpack-related-posts":[],"_links":{"self":[{"href":"https:\/\/realitatearutiera.ro\/index.php?rest_route=\/wp\/v2\/posts\/86951","targetHints":{"allow":["GET"]}}],"collection":[{"href":"https:\/\/realitatearutiera.ro\/index.php?rest_route=\/wp\/v2\/posts"}],"about":[{"href":"https:\/\/realitatearutiera.ro\/index.php?rest_route=\/wp\/v2\/types\/post"}],"author":[{"embeddable":true,"href":"https:\/\/realitatearutiera.ro\/index.php?rest_route=\/wp\/v2\/users\/1"}],"replies":[{"embeddable":true,"href":"https:\/\/realitatearutiera.ro\/index.php?rest_route=%2Fwp%2Fv2%2Fcomments&post=86951"}],"version-history":[{"count":1,"href":"https:\/\/realitatearutiera.ro\/index.php?rest_route=\/wp\/v2\/posts\/86951\/revisions"}],"predecessor-version":[{"id":86952,"href":"https:\/\/realitatearutiera.ro\/index.php?rest_route=\/wp\/v2\/posts\/86951\/revisions\/86952"}],"wp:featuredmedia":[{"embeddable":true,"href":"https:\/\/realitatearutiera.ro\/index.php?rest_route=\/wp\/v2\/media\/80859"}],"wp:attachment":[{"href":"https:\/\/realitatearutiera.ro\/index.php?rest_route=%2Fwp%2Fv2%2Fmedia&parent=86951"}],"wp:term":[{"taxonomy":"category","embeddable":true,"href":"https:\/\/realitatearutiera.ro\/index.php?rest_route=%2Fwp%2Fv2%2Fcategories&post=86951"},{"taxonomy":"post_tag","embeddable":true,"href":"https:\/\/realitatearutiera.ro\/index.php?rest_route=%2Fwp%2Fv2%2Ftags&post=86951"}],"curies":[{"name":"wp","href":"https:\/\/api.w.org\/{rel}","templated":true}]}}