{"id":87119,"date":"2022-06-10T09:38:11","date_gmt":"2022-06-10T06:38:11","guid":{"rendered":"http:\/\/realitatearutiera.ro\/?p=87119"},"modified":"2022-06-10T09:38:16","modified_gmt":"2022-06-10T06:38:16","slug":"ministerul-dezvoltarii-podul-de-la-lutca-nu-ar-fi-trebuit-dat-in-folosinta-deoarece-lucrarile-nu-sunt-finalizate-si-receptionate","status":"publish","type":"post","link":"https:\/\/realitatearutiera.ro\/?p=87119","title":{"rendered":"Ministerul Dezvolt\u0103rii: Podul de la Lu\u021bca nu ar fi trebuit dat \u00een folosin\u021b\u0103 deoarece lucr\u0103rile nu sunt finalizate \u0219i recep\u021bionate"},"content":{"rendered":"\n<p><strong>Lucr\u0103rile la podul de la Lu\u021bca, peste Siret, care<a rel=\"noreferrer noopener\" href=\"https:\/\/www.digi24.ro\/stiri\/actualitate\/evenimente\/un-pod-reabilitat-recent-in-neamt-s-a-prabusit-o-persoana-este-ranita-1969663\" target=\"_blank\">\u00a0s-a pr\u0103bu\u0219it joi<\/a>, \u201enu sunt finalizate \u0219i recep\u021bionate, a\u0219adar, obiectivul nu putea fi dat \u00een folosin\u021b\u0103\u201d, afirm\u0103, \u00eentr-un comunicat, Ministerul Dezvolt\u0103rii.<\/strong><\/p>\n\n\n\n<figure class=\"wp-block-image size-full\"><img loading=\"lazy\" decoding=\"async\" width=\"780\" height=\"440\" data-attachment-id=\"87120\" data-permalink=\"https:\/\/realitatearutiera.ro\/?attachment_id=87120\" data-orig-file=\"https:\/\/i2.wp.com\/realitatearutiera.ro\/wp-content\/uploads\/2022\/06\/image-36.png?fit=780%2C440&amp;ssl=1\" data-orig-size=\"780,440\" data-comments-opened=\"1\" data-image-meta=\"{&quot;aperture&quot;:&quot;0&quot;,&quot;credit&quot;:&quot;&quot;,&quot;camera&quot;:&quot;&quot;,&quot;caption&quot;:&quot;&quot;,&quot;created_timestamp&quot;:&quot;0&quot;,&quot;copyright&quot;:&quot;&quot;,&quot;focal_length&quot;:&quot;0&quot;,&quot;iso&quot;:&quot;0&quot;,&quot;shutter_speed&quot;:&quot;0&quot;,&quot;title&quot;:&quot;&quot;,&quot;orientation&quot;:&quot;0&quot;}\" data-image-title=\"image-36\" data-image-description=\"\" data-medium-file=\"https:\/\/i2.wp.com\/realitatearutiera.ro\/wp-content\/uploads\/2022\/06\/image-36.png?fit=300%2C169&amp;ssl=1\" data-large-file=\"https:\/\/i2.wp.com\/realitatearutiera.ro\/wp-content\/uploads\/2022\/06\/image-36.png?fit=780%2C440&amp;ssl=1\" src=\"https:\/\/i2.wp.com\/realitatearutiera.ro\/wp-content\/uploads\/2022\/06\/image-36.png?resize=780%2C440\" alt=\"\" class=\"wp-image-87120\" srcset=\"https:\/\/i2.wp.com\/realitatearutiera.ro\/wp-content\/uploads\/2022\/06\/image-36.png?w=780&amp;ssl=1 780w, https:\/\/i2.wp.com\/realitatearutiera.ro\/wp-content\/uploads\/2022\/06\/image-36.png?resize=300%2C169&amp;ssl=1 300w, https:\/\/i2.wp.com\/realitatearutiera.ro\/wp-content\/uploads\/2022\/06\/image-36.png?resize=768%2C433&amp;ssl=1 768w\" sizes=\"auto, (max-width: 780px) 100vw, 780px\" data-recalc-dims=\"1\" \/><\/figure>\n\n\n\n<p>Potrivit sursei citate, \u201eobiectivul de investi\u021bii nu a fost finalizat, \u00eentruc\u00e2t nu a fost transmis Procesul Verbal de Recep\u021bie la Terminarea lucr\u0103rilor\u201d.<\/p>\n\n\n\n<p>\u201eReabilitarea podului pe DJ 207 A km 6+591, peste r\u00e2ul Siret, la Lu\u021bca (jud. Neam\u021b) se realizeaz\u0103 prin Programul Na\u021bional de Dezvoltarea Local\u0103 (etapa a II-a).<\/p>\n\n\n\n<p>Conform contractului de finan\u021bare \u00eencheiat \u00eentre Ministerul Dezvolt\u0103rii \u0219i Consiliul Jude\u021bean Neam\u021b, valoarea finan\u021b\u0103rii, alocat\u0103 prin PNDL, este de 7.374.449,36 lei, sum\u0103 din care MDLPA a decontat 7.295.280,58 lei (au mai r\u0103mas de decontat 79.168,78 lei).<\/p>\n\n\n\n<p>\u00cencheierea contractului pentru execu\u021bia efectiv\u0103 a lucr\u0103rilor se face \u00eentre autoritatea contractant\u0103 (\u00een acest caz, Consiliul Jude\u021bean Neam\u021b) \u0219i firma responsabil\u0103 cu proiectarea \u0219i execu\u021bia lucr\u0103rilor.<\/p>\n\n\n\n<p>Durata de execu\u021bie a lucr\u0103rilor este de 24 de luni (\u00eencep\u00e2nd cu data de 23.07.2020), termenul de finalizare a lucr\u0103rilor fiind luna iulie 2022.<\/p>\n\n\n\n<p>Cseke Attila, ministrul dezvolt\u0103rii, lucr\u0103rilor publice \u0219i administra\u021biei, a dispus ca reprezentan\u021bii Inspectoratului de Stat \u00een Construc\u021bii s\u0103 se deplaseze de urgen\u021b\u0103 la fa\u021ba locului pentru a verifica stadiul lucr\u0103rilor, iar rezultatele acestor verific\u0103ri vor fi f\u0103cute publice\u201d, transmite Ministerul Dezvolt\u0103rii.<\/p>\n\n\n\n<p>Sursa:digi24<\/p>\n","protected":false},"excerpt":{"rendered":"<p>Lucr\u0103rile la podul de la Lu\u021bca, peste Siret, care\u00a0s-a pr\u0103bu\u0219it joi, \u201enu sunt finalizate \u0219i recep\u021bionate, a\u0219adar, obiectivul nu putea<\/p>\n","protected":false},"author":1,"featured_media":87121,"comment_status":"open","ping_status":"closed","sticky":false,"template":"","format":"standard","meta":{"spay_email":"","footnotes":"","jetpack_publicize_message":""},"categories":[6],"tags":[],"class_list":["post-87119","post","type-post","status-publish","format-standard","has-post-thumbnail","hentry","category-social"],"jetpack_featured_media_url":"https:\/\/i1.wp.com\/realitatearutiera.ro\/wp-content\/uploads\/2022\/06\/PTIxNCZoYXNoPTdhYmJlOTkzZWVlNWM3MzE2ZmNkYTc5MzIyYzVhZWEy.thumb_.jpg?fit=380%2C214&ssl=1","jetpack_publicize_connections":[],"jetpack_sharing_enabled":true,"jetpack_shortlink":"https:\/\/wp.me\/p61naM-mF9","jetpack-related-posts":[],"_links":{"self":[{"href":"https:\/\/realitatearutiera.ro\/index.php?rest_route=\/wp\/v2\/posts\/87119","targetHints":{"allow":["GET"]}}],"collection":[{"href":"https:\/\/realitatearutiera.ro\/index.php?rest_route=\/wp\/v2\/posts"}],"about":[{"href":"https:\/\/realitatearutiera.ro\/index.php?rest_route=\/wp\/v2\/types\/post"}],"author":[{"embeddable":true,"href":"https:\/\/realitatearutiera.ro\/index.php?rest_route=\/wp\/v2\/users\/1"}],"replies":[{"embeddable":true,"href":"https:\/\/realitatearutiera.ro\/index.php?rest_route=%2Fwp%2Fv2%2Fcomments&post=87119"}],"version-history":[{"count":1,"href":"https:\/\/realitatearutiera.ro\/index.php?rest_route=\/wp\/v2\/posts\/87119\/revisions"}],"predecessor-version":[{"id":87122,"href":"https:\/\/realitatearutiera.ro\/index.php?rest_route=\/wp\/v2\/posts\/87119\/revisions\/87122"}],"wp:featuredmedia":[{"embeddable":true,"href":"https:\/\/realitatearutiera.ro\/index.php?rest_route=\/wp\/v2\/media\/87121"}],"wp:attachment":[{"href":"https:\/\/realitatearutiera.ro\/index.php?rest_route=%2Fwp%2Fv2%2Fmedia&parent=87119"}],"wp:term":[{"taxonomy":"category","embeddable":true,"href":"https:\/\/realitatearutiera.ro\/index.php?rest_route=%2Fwp%2Fv2%2Fcategories&post=87119"},{"taxonomy":"post_tag","embeddable":true,"href":"https:\/\/realitatearutiera.ro\/index.php?rest_route=%2Fwp%2Fv2%2Ftags&post=87119"}],"curies":[{"name":"wp","href":"https:\/\/api.w.org\/{rel}","templated":true}]}}