{"id":87206,"date":"2022-06-15T08:56:01","date_gmt":"2022-06-15T05:56:01","guid":{"rendered":"http:\/\/realitatearutiera.ro\/?p=87206"},"modified":"2022-06-15T08:56:06","modified_gmt":"2022-06-15T05:56:06","slug":"braila-doua-persoane-au-murit-dupa-ce-masina-in-care-se-aflau-a-lovit-un-tir","status":"publish","type":"post","link":"https:\/\/realitatearutiera.ro\/?p=87206","title":{"rendered":"Br\u0103ila: Dou\u0103 persoane au murit, dup\u0103 ce ma\u0219ina \u00een care se aflau a lovit un TIR"},"content":{"rendered":"\n<p>Accident grav \u00een Br\u0103ila! Dou\u0103 persoane au murit, dup\u0103 ce ma\u0219ina \u00een care se aflau a lovit un TIR. Oamenii legii au intervenit de urgen\u021b\u0103 la fa\u021ba locului, dar eforturile medicilor au fost \u00een zadar. \u00cen ce stare se afl\u0103 \u0219oferul camionului.<\/p>\n\n\n\n<p><a href=\"https:\/\/spynews.ro\/galerie\/accident-deosebit-de-grav-in-braila-doua-persoane-au-murit-dupa-ce-masina-in-care-se-aflau-a-lovit-un-tir-foto-id281441-play0.html\"><\/a><\/p>\n\n\n\n<figure class=\"wp-block-image\"><a href=\"https:\/\/spynews.ro\/galerie\/accident-deosebit-de-grav-in-braila-doua-persoane-au-murit-dupa-ce-masina-in-care-se-aflau-a-lovit-un-tir-foto-id281441-play0.html\"><img decoding=\"async\" src=\"https:\/\/img.spynews.ro\/?u=https%3A%2F%2Fspynews.ro%2Fuploads%2Fmodules%2Fnews%2F0%2F2022%2F6%2F14%2F281441%2Fcollage-43.jpg&amp;w=700\" alt=\"Accident deosebit de grav \u00een Br\u0103ila. Dou\u0103 persoane au murit, dup\u0103 ce ma\u0219ina \u00een care se aflau a lovit un TIR\" title=\"Accident deosebit de grav \u00een Br\u0103ila. Dou\u0103 persoane au murit, dup\u0103 ce ma\u0219ina \u00een care se aflau a lovit un TIR\"\/><\/a><\/figure>\n\n\n\n<p>Accident deosebit de grav \u00een Br\u0103ila. Dou\u0103 persoane au murit, dup\u0103 ce ma\u0219ina \u00een care se aflau a lovit un TIR<\/p>\n\n\n\n<p>Doi oameni au murit \u00eentr-un grav&nbsp;<a href=\"https:\/\/spynews.ro\/actualitate\/stiri-interne\/accident-in-carasseverin-trei-copii-si-mama-lor-au-fost-raniti-foto-281176.html\">accident<\/a>, \u00een Br\u0103ila. Tragedia a avut loc \u00eentre localit\u0103\u021bile B\u0103r\u0103ganul \u0219i \u00censur\u0103\u021bei. Primele informa\u021bii arat\u0103 c\u0103 ma\u0219ina \u00een care se aflau cele dou\u0103 victime a lovit un TIR, care s-a r\u0103sturnat. \u00cen ce stare se afl\u0103 acum \u0219oferul camionului.<\/p>\n\n\n\n<h2 class=\"wp-block-heading\">Accident deosebit de grav \u00een Br\u0103ila<\/h2>\n\n\n\n<p>Oamenii legii au fost sesiza\u021bi, iar Inspectoratul pentru Situa\u021bii de Urgen\u021b\u0103 (ISU) Br\u0103ila a intervenit la fa\u021balocului cu o autospecial\u0103 cu ap\u0103 \u0219i spum\u0103, o ambulan\u021b\u0103 SMURD, dar \u0219i cu o autospecial\u0103 de descarcerare.<\/p>\n\n\n\n<p>Medicii au intervenit \u00een ajutorul celor implica\u021bi \u00een accident cu dou\u0103 ambulan\u021be de la Serviciul de Ambulan\u021b\u0103 Jude\u021bean. Din p\u0103cate, eforturile de resuscitare au fost \u00een zadar, iar dou\u0103 persoane s-au stins din via\u021b\u0103, \u00een urma impactului puternic.<\/p>\n\n\n\n<blockquote class=\"wp-block-quote is-layout-flow wp-block-quote-is-layout-flow\"><p>\u201eAccidentul rutier a avut loc \u00een jurul orei 15:00. &#8220;Cu pu\u021bin timp \u00een urm\u0103, pe DE 584, \u00eentre localitatea B\u0103r\u0103ganul \u0219i \u00censur\u0103\u021bei, pe sensul de mers Br\u0103ila-Slobozia, a avut avut loc un eveniment rutier \u00eentre un TIR \u0219i un vehicul. Din primele date ar fi rezultat decesul unei persoane \u0219i se intervine pentru descarcerarea unei alte persoane. \u00cen prezent traficul rutier se deruleaz\u0103 alternativ, pe un singur sens, fiind dirijat de poli\u021bi\u0219tii afla\u021bi la fa\u021ba locului&#8221;, a anun\u021bat IPJ Br\u0103ila.<\/p><\/blockquote>\n\n\n\n<h2 class=\"wp-block-heading\">\u00cen ce stare se afl\u0103 \u0219oferul de camion<\/h2>\n\n\n\n<p>Primele informa\u021bii arat\u0103 c\u0103 \u0219oferul de TIR a primit ajutor din partea medicilor la locul accidentului, iar acum se afl\u0103 \u00een afara oric\u0103rui pericol. Una dintre victime ar fi fost scoas\u0103 decedat\u0103 din autoturismul lovit.<\/p>\n\n\n\n<p>Anchetatorii se ocup\u0103 de cercetarea cazului, pentru a se afla cu exactitate cum s-a produs tragedia.<\/p>\n","protected":false},"excerpt":{"rendered":"<p>Accident grav \u00een Br\u0103ila! Dou\u0103 persoane au murit, dup\u0103 ce ma\u0219ina \u00een care se aflau a lovit un TIR. Oamenii<\/p>\n","protected":false},"author":1,"featured_media":0,"comment_status":"open","ping_status":"closed","sticky":false,"template":"","format":"standard","meta":{"spay_email":"","footnotes":"","jetpack_publicize_message":""},"categories":[1],"tags":[],"class_list":["post-87206","post","type-post","status-publish","format-standard","hentry","category-uncategorized"],"jetpack_featured_media_url":"","jetpack_publicize_connections":[],"jetpack_sharing_enabled":true,"jetpack_shortlink":"https:\/\/wp.me\/p61naM-mGy","jetpack-related-posts":[],"_links":{"self":[{"href":"https:\/\/realitatearutiera.ro\/index.php?rest_route=\/wp\/v2\/posts\/87206","targetHints":{"allow":["GET"]}}],"collection":[{"href":"https:\/\/realitatearutiera.ro\/index.php?rest_route=\/wp\/v2\/posts"}],"about":[{"href":"https:\/\/realitatearutiera.ro\/index.php?rest_route=\/wp\/v2\/types\/post"}],"author":[{"embeddable":true,"href":"https:\/\/realitatearutiera.ro\/index.php?rest_route=\/wp\/v2\/users\/1"}],"replies":[{"embeddable":true,"href":"https:\/\/realitatearutiera.ro\/index.php?rest_route=%2Fwp%2Fv2%2Fcomments&post=87206"}],"version-history":[{"count":1,"href":"https:\/\/realitatearutiera.ro\/index.php?rest_route=\/wp\/v2\/posts\/87206\/revisions"}],"predecessor-version":[{"id":87207,"href":"https:\/\/realitatearutiera.ro\/index.php?rest_route=\/wp\/v2\/posts\/87206\/revisions\/87207"}],"wp:attachment":[{"href":"https:\/\/realitatearutiera.ro\/index.php?rest_route=%2Fwp%2Fv2%2Fmedia&parent=87206"}],"wp:term":[{"taxonomy":"category","embeddable":true,"href":"https:\/\/realitatearutiera.ro\/index.php?rest_route=%2Fwp%2Fv2%2Fcategories&post=87206"},{"taxonomy":"post_tag","embeddable":true,"href":"https:\/\/realitatearutiera.ro\/index.php?rest_route=%2Fwp%2Fv2%2Ftags&post=87206"}],"curies":[{"name":"wp","href":"https:\/\/api.w.org\/{rel}","templated":true}]}}