{"id":87247,"date":"2022-06-16T08:49:20","date_gmt":"2022-06-16T05:49:20","guid":{"rendered":"http:\/\/realitatearutiera.ro\/?p=87247"},"modified":"2022-06-16T08:49:25","modified_gmt":"2022-06-16T05:49:25","slug":"elevii-claselor-a-viii-a-sustin-proba-scrisa-la-matematica","status":"publish","type":"post","link":"https:\/\/realitatearutiera.ro\/?p=87247","title":{"rendered":"Elevii claselor a VIII-a sus\u021bin proba scris\u0103 la Matematic\u0103"},"content":{"rendered":"\n<p><strong>Absolven\u021bii de clasa a VIII-a sus\u021bin ast\u0103zi a doua prob\u0103 de la Evaluare Na\u021bional\u0103 2022, cea de Matematic\u0103, dup\u0103 ce mar\u021bi, 14 iunie, au avut&nbsp;<a href=\"https:\/\/www.digi24.ro\/stiri\/actualitate\/educatie\/evaluare-nationala-2022-elevii-claselor-a-viii-a-sustin-proba-scrisa-la-limba-si-literatura-romana-1973601\" target=\"_blank\" rel=\"noreferrer noopener\">examenul la Limba rom\u00e2n\u0103<\/a>. Vineri, 17 iunie, elevii apar\u021bin\u00e2nd minorit\u0103\u021bilor na\u021bionale vor avea ultima prob\u0103, la Limb\u0103 matern\u0103.<\/strong><\/p>\n\n\n\n<p>Proba la Matematic\u0103 \u00eencepe la ora 9:00, iar accesul \u00een sal\u0103 este permis \u00eentre 8:00 \u0219i 8:30. Subiectele \u0219i baremul la Matematic\u0103 vor fi publicate pe&nbsp;<a href=\"http:\/\/subiecte.edu.ro\/2022\/evaluarenationala\/Subiecte_si_bareme\/\" target=\"_blank\" rel=\"noreferrer noopener\">subiecte.edu.ro<\/a>&nbsp;\u00een cursul dup\u0103 amiezii, a\u0219a cum s-a procedat \u0219i \u00een cazul&nbsp;<a href=\"https:\/\/www.digi24.ro\/stiri\/actualitate\/educatie\/ce-subiecte-au-primit-elevii-la-limba-romana-la-evaluare-nationala-2022-1973673\" target=\"_blank\" rel=\"noreferrer noopener\">subiectelor la Limba rom\u00e2n\u0103<\/a>, \u0219i vor fi disponibile \u0219i pe Digi24.ro imediat ce acestea vor fi disponibile.<\/p>\n\n\n\n<p>Candida\u021bii trebuie s\u0103 aib\u0103 asupra lor un act de identitate \u0219i instrumente de scris cu cerneal\u0103 sau past\u0103 albastr\u0103 pentru redactarea lucr\u0103rilor scrise. Pentru executarea schemelor \u0219i a desenelor pot folosi \u0219i creion negru.<\/p>\n\n\n\n<h2 class=\"wp-block-heading\" id=\"highlight-1976341-1\">Reguli la examenul de Evaluare Na\u021bional\u0103 2022<\/h2>\n\n\n\n<p>Este interzis\u0103 introducerea \u00een s\u0103lile de examen a oric\u0103rui tip de materiale ajut\u0103toare: manuale, dic\u021bionare, noti\u021be, \u00eensemn\u0103ri, c\u0103r\u021bi, ciorne, rezumate, culegeri etc., care pot fi utilizate pentru rezolvarea subiectelor, precum \u0219i a telefoanelor mobile \u0219i a instrumentelor electronice de calcul, de stocare de informa\u021bii sau de comunicare.<\/p>\n\n\n\n<p>De asemenea, se interzice candida\u021bilor s\u0103 introduc\u0103 \u00een sala de examen ghiozdane, rucsacuri, saco\u0219e, po\u0219ete \u0219i altele asemenea, candida\u021bii av\u00e2nd obliga\u021bia de a l\u0103sa obiectele men\u021bionate \u00een sala de depozitare a obiectelor personale stabilit\u0103 de comisia din unitatea de \u00eenv\u0103\u021b\u0103m\u00e2nt\/centrul de examen \u00een acest scop. Candida\u021bii care refuz\u0103 depozitarea obiectelor \u00een sala stabilit\u0103 de comisie \u00een acest scop nu sunt primi\u021bi \u00een examen.<\/p>\n\n\n\n<p>Candida\u0163ilor li se interzice s\u0103 aib\u0103 asupra lor, \u00een obiectele de \u00eembr\u0103c\u0103minte sau \u00eenc\u0103l\u0163\u0103minte, \u00een penare sau \u00een b\u0103ncile \u00een care sunt a\u015feza\u0163i \u00een s\u0103lile de examen telefoane mobile, c\u0103\u015fti audio, precum \u015fi orice mijloc electronic de calcul sau de comunicare care permite conectarea la internet, la re\u0163elele sociale, pentru comunicare cu al\u0163i candida\u0163i, asisten\u0163i din unitatea\/unit\u0103\u0163ile de \u00eenv\u0103\u0163\u0103m\u00e2nt\/centrul\/centrele de examen sau cu exteriorul.<\/p>\n\n\n\n<p>De asemenea, se interzice candida\u0163ilor s\u0103 comunice \u00eentre ei sau cu exteriorul, s\u0103 copieze, s\u0103 transmit\u0103 materiale care permit copiatul sau s\u0103 schimbe \u00eentre ei foi din lucrare, ciorne, noti\u0163e sau alte materiale care ar putea fi utilizate pentru rezolvarea subiectelor, pentru comunicare \u00eentre candida\u0163i sau cu exteriorul.<\/p>\n\n\n\n<h2 class=\"wp-block-heading\" id=\"highlight-1976341-2\">Calendar Evaluare Na\u021bional\u0103 2022<\/h2>\n\n\n\n<ul class=\"wp-block-list\"><li>14 iunie 2022 \u2013 Proba la Limba \u0219i literatura rom\u00e2n\u0103 \u2014 proba scris\u0103<\/li><li>16 iunie 2022 \u2013 Matematic\u0103 \u2014 proba scris\u0103<\/li><li>17 iunie 2022 \u2013 Limba \u0219i literatura matern\u0103 \u2014 proba scris\u0103<\/li><li>23 iunie 2022 (p\u00e2n\u0103 la ora 14.00) \u2013 Afi\u0219area rezultatelor \u00eenaintea contesta\u021biilor<\/li><li>23 iunie 2022 (ora 16:00 \u2013 ora 19:00) \u0219i 24 iunie 2022 (ora 8:00 \u2013 ora 12:00) \u2013 Depunerea contesta\u021biilor<\/li><li>24 iunie \u2013 29 iunie 2022 \u2013 Solu\u021bionarea contesta\u021biilor<\/li><li>30 iunie 2022 \u2013 Afi\u0219area rezultatelor finale la Evaluare Na\u021bional\u0103 2022 dup\u0103 solu\u021bionarea contesta\u021biilor<\/li><\/ul>\n\n\n\n<p>Dup\u0103 Evaluarea Na\u021bional\u0103, pe 14 iulie, \u00eencepe repartizarea computerizat\u0103 la liceu.<\/p>\n\n\n\n<h2 class=\"wp-block-heading\" id=\"highlight-1976341-3\">Contesta\u021bii Evaluare Na\u021bional\u0103 2022<\/h2>\n\n\n\n<p>Candida\u0163ii care depun sau transmit prin mijloace electronice contesta\u0163ii completeaz\u0103 \u015fi semneaz\u0103 o declara\u0163ie-tip \u00een care se men\u0163ioneaz\u0103 c\u0103 au luat cuno\u015ftin\u0163\u0103 de faptul c\u0103 nota acordat\u0103 ca urmare a solu\u0163ion\u0103rii contesta\u0163iei poate modifica, dup\u0103 caz, nota ini\u0163ial\u0103, prin cre\u015ftere sau descre\u0219tere.<\/p>\n\n\n\n<p>\u00cen cazul candidatului minor, declara\u0163ia-tip este semnat\u0103 \u015fi de c\u0103tre p\u0103rin\u0163ii saureprezentan\u0163ii legali ai acestuia.<\/p>\n\n\n\n<h2 class=\"wp-block-heading\" id=\"highlight-1976341-4\">Rezultate Evaluare Na\u021bional\u0103 2022<\/h2>\n\n\n\n<p>Primele rezultate, cele de dinaintea contesta\u021biilor, se vor anun\u021ba pe data de 23 iunie, p\u00e2n\u0103 la ora 14:00, iar rezultatele finale vor fi comunicate pe data de 30 iunie.<\/p>\n\n\n\n<p>Comunicarea rezultatelor ob\u021binute la examen se face anonimizat, respect\u00e2nd Regulamentul general privind protec\u021bia datelor personale, utiliz\u00e2ndu-se codurile individuale care \u00eenlocuiesc numele \u0219i prenumele candida\u021bilor \u0219i care au fost distribuite candida\u021bilor, pe baz\u0103 de semn\u0103tur\u0103 de primire, la prima prob\u0103 sus\u021binut\u0103 de ace\u0219tia.<\/p>\n\n\n\n<p>Media general\u0103 ob\u0163inut\u0103 \u00een cadrul Evalu\u0103rii Na\u0163ionale are o pondere de 80% \u00een calculul mediei de admitere \u00een clasa a IX-a. Absolven\u0163ii clasei a VIII-a \u00ee\u015fi vor putea continua studiile \u00een \u00eenv\u0103\u0163\u0103m\u00e2ntul liceal sau profesional, fiind asigurate locuri pentru to\u0163i elevii care au finalizat ciclul gimnazial.<\/p>\n\n\n\n<p>Digi24.ro v\u0103 va \u021bine la curent cu toate informa\u021biile despre Evaluarea Na\u021bional\u0103 2022, proba de Matematic\u0103, subiecte \u0219i barem, imediat ce acestea vor fi disponibile.<\/p>\n\n\n\n<p>Sursa:digi24<\/p>\n","protected":false},"excerpt":{"rendered":"<p>Absolven\u021bii de clasa a VIII-a sus\u021bin ast\u0103zi a doua prob\u0103 de la Evaluare Na\u021bional\u0103 2022, cea de Matematic\u0103, dup\u0103 ce<\/p>\n","protected":false},"author":1,"featured_media":87248,"comment_status":"open","ping_status":"closed","sticky":false,"template":"","format":"standard","meta":{"spay_email":"","footnotes":"","jetpack_publicize_message":""},"categories":[6],"tags":[],"class_list":["post-87247","post","type-post","status-publish","format-standard","has-post-thumbnail","hentry","category-social"],"jetpack_featured_media_url":"https:\/\/realitatearutiera.ro\/wp-content\/uploads\/2022\/06\/dreamstime_s_96426902.webp","jetpack_publicize_connections":[],"jetpack_sharing_enabled":true,"jetpack_shortlink":"https:\/\/wp.me\/p61naM-mHd","jetpack-related-posts":[],"_links":{"self":[{"href":"https:\/\/realitatearutiera.ro\/index.php?rest_route=\/wp\/v2\/posts\/87247","targetHints":{"allow":["GET"]}}],"collection":[{"href":"https:\/\/realitatearutiera.ro\/index.php?rest_route=\/wp\/v2\/posts"}],"about":[{"href":"https:\/\/realitatearutiera.ro\/index.php?rest_route=\/wp\/v2\/types\/post"}],"author":[{"embeddable":true,"href":"https:\/\/realitatearutiera.ro\/index.php?rest_route=\/wp\/v2\/users\/1"}],"replies":[{"embeddable":true,"href":"https:\/\/realitatearutiera.ro\/index.php?rest_route=%2Fwp%2Fv2%2Fcomments&post=87247"}],"version-history":[{"count":1,"href":"https:\/\/realitatearutiera.ro\/index.php?rest_route=\/wp\/v2\/posts\/87247\/revisions"}],"predecessor-version":[{"id":87249,"href":"https:\/\/realitatearutiera.ro\/index.php?rest_route=\/wp\/v2\/posts\/87247\/revisions\/87249"}],"wp:featuredmedia":[{"embeddable":true,"href":"https:\/\/realitatearutiera.ro\/index.php?rest_route=\/wp\/v2\/media\/87248"}],"wp:attachment":[{"href":"https:\/\/realitatearutiera.ro\/index.php?rest_route=%2Fwp%2Fv2%2Fmedia&parent=87247"}],"wp:term":[{"taxonomy":"category","embeddable":true,"href":"https:\/\/realitatearutiera.ro\/index.php?rest_route=%2Fwp%2Fv2%2Fcategories&post=87247"},{"taxonomy":"post_tag","embeddable":true,"href":"https:\/\/realitatearutiera.ro\/index.php?rest_route=%2Fwp%2Fv2%2Ftags&post=87247"}],"curies":[{"name":"wp","href":"https:\/\/api.w.org\/{rel}","templated":true}]}}