{"id":87778,"date":"2022-07-13T11:10:39","date_gmt":"2022-07-13T08:10:39","guid":{"rendered":"http:\/\/realitatearutiera.ro\/?p=87778"},"modified":"2022-07-13T11:10:45","modified_gmt":"2022-07-13T08:10:45","slug":"judetul-valcea-trafic-restrictionat-pe-dn-7-3","status":"publish","type":"post","link":"https:\/\/realitatearutiera.ro\/?p=87778","title":{"rendered":"JUDE\u021aUL V\u00c2LCEA: TRAFIC RESTRIC\u021aIONAT PE DN 7"},"content":{"rendered":"\n<p>O<strong>ra:\u00a0<\/strong>10:25<\/p>\n\n\n\n<p><strong>Centrul INFOTRAFIC din Inspectoratul General al Poli\u0163iei Rom\u00e2ne<\/strong>&nbsp;informeaz\u0103 c\u0103 pe &nbsp;DN 7 Pite\u0219ti-R\u00e2mnicu V\u00e2lcea, kilometrul 163, \u00een localitatea Milcoiu, jude\u021bul V\u00e2lcea, un autoturism s-a r\u0103sturnat pe partea carosabil\u0103, fiind blocat sensul de mers spre Pite\u0219ti. O persoan\u0103 a fost r\u0103nit\u0103 u\u0219or, \u00eens\u0103 valorile de trafic sunt ridicate. Se circul\u0103 alternativ, pe sensul c\u0103tre R\u00e2mnicu V\u00e2lcea.<\/p>\n\n\n\n<p><em>Se estimeaz\u0103 reluarea normal\u0103 a circula\u021biei \u00een 30-45 de minute.<\/em><\/p>\n\n\n\n<p>Sursa:politiaromana<\/p>\n","protected":false},"excerpt":{"rendered":"<p>Ora:\u00a010:25 Centrul INFOTRAFIC din Inspectoratul General al Poli\u0163iei Rom\u00e2ne&nbsp;informeaz\u0103 c\u0103 pe &nbsp;DN 7 Pite\u0219ti-R\u00e2mnicu V\u00e2lcea, kilometrul 163, \u00een localitatea Milcoiu,<\/p>\n","protected":false},"author":1,"featured_media":38224,"comment_status":"open","ping_status":"closed","sticky":false,"template":"","format":"standard","meta":{"spay_email":"","footnotes":"","jetpack_publicize_message":""},"categories":[54],"tags":[],"class_list":["post-87778","post","type-post","status-publish","format-standard","has-post-thumbnail","hentry","category-informatii-rutiere"],"jetpack_featured_media_url":"https:\/\/i1.wp.com\/realitatearutiera.ro\/wp-content\/uploads\/2018\/07\/infotrafic.jpg?fit=425%2C425&ssl=1","jetpack_publicize_connections":[],"jetpack_sharing_enabled":true,"jetpack_shortlink":"https:\/\/wp.me\/p61naM-mPM","jetpack-related-posts":[],"_links":{"self":[{"href":"https:\/\/realitatearutiera.ro\/index.php?rest_route=\/wp\/v2\/posts\/87778","targetHints":{"allow":["GET"]}}],"collection":[{"href":"https:\/\/realitatearutiera.ro\/index.php?rest_route=\/wp\/v2\/posts"}],"about":[{"href":"https:\/\/realitatearutiera.ro\/index.php?rest_route=\/wp\/v2\/types\/post"}],"author":[{"embeddable":true,"href":"https:\/\/realitatearutiera.ro\/index.php?rest_route=\/wp\/v2\/users\/1"}],"replies":[{"embeddable":true,"href":"https:\/\/realitatearutiera.ro\/index.php?rest_route=%2Fwp%2Fv2%2Fcomments&post=87778"}],"version-history":[{"count":1,"href":"https:\/\/realitatearutiera.ro\/index.php?rest_route=\/wp\/v2\/posts\/87778\/revisions"}],"predecessor-version":[{"id":87779,"href":"https:\/\/realitatearutiera.ro\/index.php?rest_route=\/wp\/v2\/posts\/87778\/revisions\/87779"}],"wp:featuredmedia":[{"embeddable":true,"href":"https:\/\/realitatearutiera.ro\/index.php?rest_route=\/wp\/v2\/media\/38224"}],"wp:attachment":[{"href":"https:\/\/realitatearutiera.ro\/index.php?rest_route=%2Fwp%2Fv2%2Fmedia&parent=87778"}],"wp:term":[{"taxonomy":"category","embeddable":true,"href":"https:\/\/realitatearutiera.ro\/index.php?rest_route=%2Fwp%2Fv2%2Fcategories&post=87778"},{"taxonomy":"post_tag","embeddable":true,"href":"https:\/\/realitatearutiera.ro\/index.php?rest_route=%2Fwp%2Fv2%2Ftags&post=87778"}],"curies":[{"name":"wp","href":"https:\/\/api.w.org\/{rel}","templated":true}]}}