{"id":87839,"date":"2022-07-15T08:22:04","date_gmt":"2022-07-15T05:22:04","guid":{"rendered":"http:\/\/realitatearutiera.ro\/?p=87839"},"modified":"2022-07-15T08:22:09","modified_gmt":"2022-07-15T05:22:09","slug":"judetul-valcea-trafic-restrictionat-pentru-efectuarea-de-lucrari-la-carosabil","status":"publish","type":"post","link":"https:\/\/realitatearutiera.ro\/?p=87839","title":{"rendered":"JUDE\u021aUL V\u00c2LCEA: TRAFIC RESTRIC\u021aIONAT PENTRU EFECTUAREA DE LUCR\u0102RI LA CAROSABIL"},"content":{"rendered":"\n<p><strong>Ora:&nbsp;<\/strong>07:00<\/p>\n\n\n\n<p><strong>Centrul INFOTRAFIC din Inspectoratul General al Poli\u021biei Rom\u00e2ne&nbsp;<\/strong>informeaz\u0103 c\u0103, din cauza lucr\u0103rilor efectuate la partea carosabil\u0103, circula\u021bia rutier\u0103 va fi restric\u021bionat\u0103 ast\u0103zi pe mai multe artere rutiere din jude\u021bul V\u00e2lcea, astfel:<\/p>\n\n\n\n<p>&#8211; DN 7 R\u00e2mnicu V\u00e2lcea \u2013 Sibiu, kilometrii 182 \u2013 191, pe raza localit\u0103\u021bii Bujoreni-Seaca, se aplic\u0103 marcaje rutiere \u00eentre orele 08.00 \u2013 12.00, traficul desf\u0103\u0219ur\u00e2ndu-se \u00eengreunat pe ambele sensuri;<\/p>\n\n\n\n<p>&#8211; DN 7, kilometrii 174 \u2013 180, pe raza&nbsp; municipiului R\u00e2mnicu V\u00e2lcea, se aplic\u0103 marcaje rutiere \u00eentre orele 08.00 \u2013 12.00, traficul desf\u0103\u0219ur\u00e2ndu-se \u00eengreunat pe ambele sensuri;<\/p>\n\n\n\n<p>&#8211; DN 67, &nbsp;kilometrii 147 \u2013 151, pe raza localit\u0103\u021bilor M\u0103ld\u0103re\u0219ti &#8211; Horezu, se efectueaz\u0103 repara\u021bii asfaltice \u00eentre orele 07.00 \u2013 18.00, traficul desf\u0103\u0219ur\u00e2ndu-se pe un fir, alternativ, dirijat de pilo\u021bi de circula\u021bie.<\/p>\n\n\n\n<p>Recomand\u0103m conduc\u0103torilor auto s\u0103 reduc\u0103 viteza de deplasare, s\u0103 semnalizeze din timp inten\u021bia de schimbare a benzii sau direc\u021biei, asigur\u00e2ndu-se corespunz\u0103tor \u00eenaintea efectu\u0103rii acestei manevre \u0219i acord\u00e2nd prioritate.<\/p>\n","protected":false},"excerpt":{"rendered":"<p>Ora:&nbsp;07:00 Centrul INFOTRAFIC din Inspectoratul General al Poli\u021biei Rom\u00e2ne&nbsp;informeaz\u0103 c\u0103, din cauza lucr\u0103rilor efectuate la partea carosabil\u0103, circula\u021bia rutier\u0103 va<\/p>\n","protected":false},"author":1,"featured_media":77241,"comment_status":"open","ping_status":"closed","sticky":false,"template":"","format":"standard","meta":{"spay_email":"","footnotes":"","jetpack_publicize_message":""},"categories":[54],"tags":[],"class_list":["post-87839","post","type-post","status-publish","format-standard","has-post-thumbnail","hentry","category-informatii-rutiere"],"jetpack_featured_media_url":"https:\/\/i2.wp.com\/realitatearutiera.ro\/wp-content\/uploads\/2021\/06\/drum-in-lucru.jpg?fit=640%2C399&ssl=1","jetpack_publicize_connections":[],"jetpack_sharing_enabled":true,"jetpack_shortlink":"https:\/\/wp.me\/p61naM-mQL","jetpack-related-posts":[],"_links":{"self":[{"href":"https:\/\/realitatearutiera.ro\/index.php?rest_route=\/wp\/v2\/posts\/87839","targetHints":{"allow":["GET"]}}],"collection":[{"href":"https:\/\/realitatearutiera.ro\/index.php?rest_route=\/wp\/v2\/posts"}],"about":[{"href":"https:\/\/realitatearutiera.ro\/index.php?rest_route=\/wp\/v2\/types\/post"}],"author":[{"embeddable":true,"href":"https:\/\/realitatearutiera.ro\/index.php?rest_route=\/wp\/v2\/users\/1"}],"replies":[{"embeddable":true,"href":"https:\/\/realitatearutiera.ro\/index.php?rest_route=%2Fwp%2Fv2%2Fcomments&post=87839"}],"version-history":[{"count":1,"href":"https:\/\/realitatearutiera.ro\/index.php?rest_route=\/wp\/v2\/posts\/87839\/revisions"}],"predecessor-version":[{"id":87840,"href":"https:\/\/realitatearutiera.ro\/index.php?rest_route=\/wp\/v2\/posts\/87839\/revisions\/87840"}],"wp:featuredmedia":[{"embeddable":true,"href":"https:\/\/realitatearutiera.ro\/index.php?rest_route=\/wp\/v2\/media\/77241"}],"wp:attachment":[{"href":"https:\/\/realitatearutiera.ro\/index.php?rest_route=%2Fwp%2Fv2%2Fmedia&parent=87839"}],"wp:term":[{"taxonomy":"category","embeddable":true,"href":"https:\/\/realitatearutiera.ro\/index.php?rest_route=%2Fwp%2Fv2%2Fcategories&post=87839"},{"taxonomy":"post_tag","embeddable":true,"href":"https:\/\/realitatearutiera.ro\/index.php?rest_route=%2Fwp%2Fv2%2Ftags&post=87839"}],"curies":[{"name":"wp","href":"https:\/\/api.w.org\/{rel}","templated":true}]}}