{"id":87965,"date":"2022-07-19T09:15:12","date_gmt":"2022-07-19T06:15:12","guid":{"rendered":"http:\/\/realitatearutiera.ro\/?p=87965"},"modified":"2022-07-19T09:15:18","modified_gmt":"2022-07-19T06:15:18","slug":"impact-puternic-intre-doua-masini-pe-un-drum-din-neamt","status":"publish","type":"post","link":"https:\/\/realitatearutiera.ro\/?p=87965","title":{"rendered":"Impact puternic \u00eentre dou\u0103 ma\u0219ini pe un drum din Neam\u021b"},"content":{"rendered":"\n<p><strong>O femeie a fost r\u0103nit\u0103 \u00eentr-un accident rutier produs, luni noaptea, pe DJ 156 A \u00een jude\u021bul Neam\u021b. Dou\u0103 autoturisme s-au ciocnit, din cauza nep\u0103str\u0103rii distan\u021bei regulamentare.<\/strong><\/p>\n\n\n\n<figure class=\"wp-block-image size-full is-resized\"><img loading=\"lazy\" decoding=\"async\" data-attachment-id=\"87966\" data-permalink=\"https:\/\/realitatearutiera.ro\/?attachment_id=87966\" data-orig-file=\"https:\/\/i2.wp.com\/realitatearutiera.ro\/wp-content\/uploads\/2022\/07\/image-44.png?fit=800%2C600&amp;ssl=1\" data-orig-size=\"800,600\" data-comments-opened=\"1\" data-image-meta=\"{&quot;aperture&quot;:&quot;0&quot;,&quot;credit&quot;:&quot;&quot;,&quot;camera&quot;:&quot;&quot;,&quot;caption&quot;:&quot;&quot;,&quot;created_timestamp&quot;:&quot;0&quot;,&quot;copyright&quot;:&quot;&quot;,&quot;focal_length&quot;:&quot;0&quot;,&quot;iso&quot;:&quot;0&quot;,&quot;shutter_speed&quot;:&quot;0&quot;,&quot;title&quot;:&quot;&quot;,&quot;orientation&quot;:&quot;0&quot;}\" data-image-title=\"image-44\" data-image-description=\"\" data-medium-file=\"https:\/\/i2.wp.com\/realitatearutiera.ro\/wp-content\/uploads\/2022\/07\/image-44.png?fit=300%2C225&amp;ssl=1\" data-large-file=\"https:\/\/i2.wp.com\/realitatearutiera.ro\/wp-content\/uploads\/2022\/07\/image-44.png?fit=800%2C600&amp;ssl=1\" src=\"https:\/\/i2.wp.com\/realitatearutiera.ro\/wp-content\/uploads\/2022\/07\/image-44.png?resize=482%2C362\" alt=\"\" class=\"wp-image-87966\" width=\"482\" height=\"362\" srcset=\"https:\/\/i2.wp.com\/realitatearutiera.ro\/wp-content\/uploads\/2022\/07\/image-44.png?w=800&amp;ssl=1 800w, https:\/\/i2.wp.com\/realitatearutiera.ro\/wp-content\/uploads\/2022\/07\/image-44.png?resize=300%2C225&amp;ssl=1 300w, https:\/\/i2.wp.com\/realitatearutiera.ro\/wp-content\/uploads\/2022\/07\/image-44.png?resize=768%2C576&amp;ssl=1 768w\" sizes=\"auto, (max-width: 482px) 100vw, 482px\" data-recalc-dims=\"1\" \/><\/figure>\n\n\n\n<p>Potrivit IPJ Neam\u021b, accidentul a avut locluni, 18 iulie, \u00een jurul orei 22.30, pe Drumul Jude\u021bean 156 A, \u00een ora\u0219ul Roznov.<\/p>\n\n\n\n<p>Din primele cercet\u0103ri efectuate de poli\u021bi\u0219ti a reie\u0219it c\u0103 accidentul s-a produs \u00eentre dou\u0103 autoturisme conduse de un b\u0103rbat de 31 de ani, din Borle\u0219ti \u0219i o femeie de 48 de ani, din Piatra \u0218oimului. Cele dou\u0103 autoturisme circulau pe acela\u0219i sens de mers.<\/p>\n\n\n\n<p>Din primele date accidentul s-a produs din cauza nep\u0103str\u0103rii distan\u021bei regulamentare \u00een mers de c\u0103tre b\u0103rbatul din Borle\u0219ti.<\/p>\n\n\n\n<p>\u00cen urma impactului, a rezultat r\u0103nirea \u0219oferi\u021bei.<\/p>\n\n\n\n<p>Ambii conduc\u0103tori auto au fost testa\u021bi cu aparatul etilotest, rezultatele fiind negative.<\/p>\n\n\n\n<p>\u00cen cauz\u0103, poli\u021bi\u0219tii continu\u0103 cercet\u0103rile, sub aspectul comiterii infrac\u021biunii de v\u0103t\u0103mare corporal\u0103 din culp\u0103, \u00een vederea stabilirii cauzelor \u0219i condi\u021biilor \u00een care a avut loc evenimentul rutier.<\/p>\n\n\n\n<p>Sursa:romania24<\/p>\n","protected":false},"excerpt":{"rendered":"<p>O femeie a fost r\u0103nit\u0103 \u00eentr-un accident rutier produs, luni noaptea, pe DJ 156 A \u00een jude\u021bul Neam\u021b. Dou\u0103 autoturisme<\/p>\n","protected":false},"author":1,"featured_media":80269,"comment_status":"open","ping_status":"closed","sticky":false,"template":"","format":"standard","meta":{"spay_email":"","footnotes":"","jetpack_publicize_message":""},"categories":[1],"tags":[],"class_list":["post-87965","post","type-post","status-publish","format-standard","has-post-thumbnail","hentry","category-uncategorized"],"jetpack_featured_media_url":"https:\/\/i1.wp.com\/realitatearutiera.ro\/wp-content\/uploads\/2021\/11\/accident.jpg?fit=1200%2C630&ssl=1","jetpack_publicize_connections":[],"jetpack_sharing_enabled":true,"jetpack_shortlink":"https:\/\/wp.me\/p61naM-mSN","jetpack-related-posts":[],"_links":{"self":[{"href":"https:\/\/realitatearutiera.ro\/index.php?rest_route=\/wp\/v2\/posts\/87965","targetHints":{"allow":["GET"]}}],"collection":[{"href":"https:\/\/realitatearutiera.ro\/index.php?rest_route=\/wp\/v2\/posts"}],"about":[{"href":"https:\/\/realitatearutiera.ro\/index.php?rest_route=\/wp\/v2\/types\/post"}],"author":[{"embeddable":true,"href":"https:\/\/realitatearutiera.ro\/index.php?rest_route=\/wp\/v2\/users\/1"}],"replies":[{"embeddable":true,"href":"https:\/\/realitatearutiera.ro\/index.php?rest_route=%2Fwp%2Fv2%2Fcomments&post=87965"}],"version-history":[{"count":1,"href":"https:\/\/realitatearutiera.ro\/index.php?rest_route=\/wp\/v2\/posts\/87965\/revisions"}],"predecessor-version":[{"id":87967,"href":"https:\/\/realitatearutiera.ro\/index.php?rest_route=\/wp\/v2\/posts\/87965\/revisions\/87967"}],"wp:featuredmedia":[{"embeddable":true,"href":"https:\/\/realitatearutiera.ro\/index.php?rest_route=\/wp\/v2\/media\/80269"}],"wp:attachment":[{"href":"https:\/\/realitatearutiera.ro\/index.php?rest_route=%2Fwp%2Fv2%2Fmedia&parent=87965"}],"wp:term":[{"taxonomy":"category","embeddable":true,"href":"https:\/\/realitatearutiera.ro\/index.php?rest_route=%2Fwp%2Fv2%2Fcategories&post=87965"},{"taxonomy":"post_tag","embeddable":true,"href":"https:\/\/realitatearutiera.ro\/index.php?rest_route=%2Fwp%2Fv2%2Ftags&post=87965"}],"curies":[{"name":"wp","href":"https:\/\/api.w.org\/{rel}","templated":true}]}}