{"id":88153,"date":"2022-07-22T11:09:33","date_gmt":"2022-07-22T08:09:33","guid":{"rendered":"http:\/\/realitatearutiera.ro\/?p=88153"},"modified":"2022-07-22T11:09:38","modified_gmt":"2022-07-22T08:09:38","slug":"tanara-insarcinata-ranita-intr-un-accident","status":"publish","type":"post","link":"https:\/\/realitatearutiera.ro\/?p=88153","title":{"rendered":"T\u00e2n\u0103r\u0103 \u00eens\u0103rcinat\u0103 r\u0103nit\u0103 \u00eentr-un accident"},"content":{"rendered":"\n<p>O t\u00e2n\u0103r\u0103 gravid\u0103 a fost r\u0103nit\u0103 \u015fi a ajuns la spital, \u00een seara zilei de miercuri 21 iulie, dup\u0103 ce ma\u015fina \u00een care se afla a intrat \u00eentr-un cap de pod.Accidentul a avut loc \u00een comuna Aninoasa. <\/p>\n\n\n\n<figure class=\"wp-block-image size-full\"><img loading=\"lazy\" decoding=\"async\" width=\"646\" height=\"404\" data-attachment-id=\"88154\" data-permalink=\"https:\/\/realitatearutiera.ro\/?attachment_id=88154\" data-orig-file=\"https:\/\/i0.wp.com\/realitatearutiera.ro\/wp-content\/uploads\/2022\/07\/image-50.png?fit=646%2C404&amp;ssl=1\" data-orig-size=\"646,404\" data-comments-opened=\"1\" data-image-meta=\"{&quot;aperture&quot;:&quot;0&quot;,&quot;credit&quot;:&quot;&quot;,&quot;camera&quot;:&quot;&quot;,&quot;caption&quot;:&quot;&quot;,&quot;created_timestamp&quot;:&quot;0&quot;,&quot;copyright&quot;:&quot;&quot;,&quot;focal_length&quot;:&quot;0&quot;,&quot;iso&quot;:&quot;0&quot;,&quot;shutter_speed&quot;:&quot;0&quot;,&quot;title&quot;:&quot;&quot;,&quot;orientation&quot;:&quot;0&quot;}\" data-image-title=\"image-50\" data-image-description=\"\" data-medium-file=\"https:\/\/i0.wp.com\/realitatearutiera.ro\/wp-content\/uploads\/2022\/07\/image-50.png?fit=300%2C188&amp;ssl=1\" data-large-file=\"https:\/\/i0.wp.com\/realitatearutiera.ro\/wp-content\/uploads\/2022\/07\/image-50.png?fit=646%2C404&amp;ssl=1\" src=\"https:\/\/i0.wp.com\/realitatearutiera.ro\/wp-content\/uploads\/2022\/07\/image-50.png?resize=646%2C404\" alt=\"\" class=\"wp-image-88154\" srcset=\"https:\/\/i0.wp.com\/realitatearutiera.ro\/wp-content\/uploads\/2022\/07\/image-50.png?w=646&amp;ssl=1 646w, https:\/\/i0.wp.com\/realitatearutiera.ro\/wp-content\/uploads\/2022\/07\/image-50.png?resize=300%2C188&amp;ssl=1 300w\" sizes=\"auto, (max-width: 646px) 100vw, 646px\" data-recalc-dims=\"1\" \/><\/figure>\n\n\n\n<p>\u201eLa fa\u0163a locului s-au deplasat poli\u0163i\u015ftii rutieri, care au stabilit faptul c\u0103, un t\u00e2n\u0103r de 21 de ani, din comuna \u0162\u00e2n\u0163\u0103reni, \u00een timp ce se deplasa cu un autoturism pe DJ 662 Aninoasa, a pierdut controlul direc\u0163iei de mers, a p\u0103r\u0103sit partea carosabil\u0103 \u015fi a lovit un cap de pod. \u00a0<\/p>\n\n\n\n<p> \u00cen urma evenimentului rutier, a rezultat r\u0103nirea unei tinere de 19 de ani, aflat\u0103 pasager pe bancheta din dreapta fa\u0163\u0103 a autoturismului, ulterior fiind transportat\u0103 la Spitalul T\u00e2rgu-C\u0103rbune\u015fti pentru acordarea de \u00eengrijiri medicale. <\/p>\n\n\n\n<p>\u00a0 Conduc\u0103torul auto a fost testat cu aparatul etilotest, rezultatul fiind negativ. \u00a0<\/p>\n\n\n\n<p> \u00cen cauz\u0103 s-a \u00eentocmit dosar penal sub aspectul s\u0103v\u00e2r\u015firii infrac\u0163iunii de v\u0103t\u0103mare corporal\u0103 din culp\u0103\u201c, au transmis reprezentan\u0163ii Poli\u0163iei Gorj.<\/p>\n\n\n\n<p>Sursa:adevarul<\/p>\n","protected":false},"excerpt":{"rendered":"<p>O t\u00e2n\u0103r\u0103 gravid\u0103 a fost r\u0103nit\u0103 \u015fi a ajuns la spital, \u00een seara zilei de miercuri 21 iulie, dup\u0103 ce<\/p>\n","protected":false},"author":1,"featured_media":80269,"comment_status":"open","ping_status":"closed","sticky":false,"template":"","format":"standard","meta":{"spay_email":"","footnotes":"","jetpack_publicize_message":""},"categories":[1],"tags":[],"class_list":["post-88153","post","type-post","status-publish","format-standard","has-post-thumbnail","hentry","category-uncategorized"],"jetpack_featured_media_url":"https:\/\/i1.wp.com\/realitatearutiera.ro\/wp-content\/uploads\/2021\/11\/accident.jpg?fit=1200%2C630&ssl=1","jetpack_publicize_connections":[],"jetpack_sharing_enabled":true,"jetpack_shortlink":"https:\/\/wp.me\/p61naM-mVP","jetpack-related-posts":[],"_links":{"self":[{"href":"https:\/\/realitatearutiera.ro\/index.php?rest_route=\/wp\/v2\/posts\/88153","targetHints":{"allow":["GET"]}}],"collection":[{"href":"https:\/\/realitatearutiera.ro\/index.php?rest_route=\/wp\/v2\/posts"}],"about":[{"href":"https:\/\/realitatearutiera.ro\/index.php?rest_route=\/wp\/v2\/types\/post"}],"author":[{"embeddable":true,"href":"https:\/\/realitatearutiera.ro\/index.php?rest_route=\/wp\/v2\/users\/1"}],"replies":[{"embeddable":true,"href":"https:\/\/realitatearutiera.ro\/index.php?rest_route=%2Fwp%2Fv2%2Fcomments&post=88153"}],"version-history":[{"count":1,"href":"https:\/\/realitatearutiera.ro\/index.php?rest_route=\/wp\/v2\/posts\/88153\/revisions"}],"predecessor-version":[{"id":88155,"href":"https:\/\/realitatearutiera.ro\/index.php?rest_route=\/wp\/v2\/posts\/88153\/revisions\/88155"}],"wp:featuredmedia":[{"embeddable":true,"href":"https:\/\/realitatearutiera.ro\/index.php?rest_route=\/wp\/v2\/media\/80269"}],"wp:attachment":[{"href":"https:\/\/realitatearutiera.ro\/index.php?rest_route=%2Fwp%2Fv2%2Fmedia&parent=88153"}],"wp:term":[{"taxonomy":"category","embeddable":true,"href":"https:\/\/realitatearutiera.ro\/index.php?rest_route=%2Fwp%2Fv2%2Fcategories&post=88153"},{"taxonomy":"post_tag","embeddable":true,"href":"https:\/\/realitatearutiera.ro\/index.php?rest_route=%2Fwp%2Fv2%2Ftags&post=88153"}],"curies":[{"name":"wp","href":"https:\/\/api.w.org\/{rel}","templated":true}]}}