{"id":88517,"date":"2022-08-03T10:49:13","date_gmt":"2022-08-03T07:49:13","guid":{"rendered":"http:\/\/realitatearutiera.ro\/?p=88517"},"modified":"2022-08-03T10:49:19","modified_gmt":"2022-08-03T07:49:19","slug":"coliziune-intre-o-masina-si-o-motocicleta-in-sibiu","status":"publish","type":"post","link":"https:\/\/realitatearutiera.ro\/?p=88517","title":{"rendered":"Coliziune \u00eentre o ma\u0219in\u0103 \u0219i o motociclet\u0103, \u00een Sibiu"},"content":{"rendered":"\n<p><strong>Un accident rutier soldat cu r\u0103nirea unei persoane a avut loc, miercuri diminea\u021b\u0103 pe o strad\u0103 din municipiul Sibiu. \u00cen eveniment au fost implicate o ma\u0219in\u0103 \u0219i o motociclet\u0103.<\/strong><\/p>\n\n\n\n<p>Potrivit IPJ Sibiu, poli\u021bi\u0219tii Serviciului Rutier Sibiu au intervenit la un accident produs pe strada Salzburg din municipiul Sibiu (DN7H), pe sensul de mers spre Aeroportul Interna\u021bional Sibiu.<\/p>\n\n\n\n<p>Din primele cercet\u0103ri efectuate la fa\u021ba locului, poli\u021bi\u0219tii rutieri au stabilit c\u0103 s-a produs o coliziune \u00eentre un autoturism condus de un b\u0103rbat de 32 de ani din Agnita \u0219i o motociclet\u0103 condus\u0103 de un sibian de 33 de ani.<\/p>\n\n\n\n<p>Autovehiculele erau conduse pe aceea\u0219i direc\u021bie de deplasare, respectiv A1 spre Aeroportul Interna\u021bional Sibiu.<\/p>\n\n\n\n<p>\u00cen urma accidentului a rezultat v\u0103t\u0103marea corporal\u0103 a motociclistului, care a fost transportat la Spital con\u0219tient \u0219i cooperant.<\/p>\n\n\n\n<p>Cercet\u0103rile continu\u0103 \u00een vederea stabilirii tuturor circumstan\u021belor producerii acestui accident.<\/p>\n\n\n\n<h4 class=\"wp-block-heading\">Accident \u00een Sibiu: Preciz\u0103rile pompierilor<\/h4>\n\n\n\n<p>Potrivit ISU Sibiu, la fa\u021ba locului, echipajul a acordat \u00eengrijiri medicale motociclistului, un b\u0103rbat de aproximativ 34 de ani, care a fost transportat la UPU Sibiu con\u0219tient, policontuzionat.<\/p>\n\n\n\n<p>Sursa:romania24<\/p>\n","protected":false},"excerpt":{"rendered":"<p>Un accident rutier soldat cu r\u0103nirea unei persoane a avut loc, miercuri diminea\u021b\u0103 pe o strad\u0103 din municipiul Sibiu. \u00cen<\/p>\n","protected":false},"author":1,"featured_media":88518,"comment_status":"open","ping_status":"closed","sticky":false,"template":"","format":"standard","meta":{"spay_email":"","footnotes":"","jetpack_publicize_message":""},"categories":[1],"tags":[],"class_list":["post-88517","post","type-post","status-publish","format-standard","has-post-thumbnail","hentry","category-uncategorized"],"jetpack_featured_media_url":"https:\/\/realitatearutiera.ro\/wp-content\/uploads\/2022\/08\/IMG_20210223_121255.webp","jetpack_publicize_connections":[],"jetpack_sharing_enabled":true,"jetpack_shortlink":"https:\/\/wp.me\/p61naM-n1H","jetpack-related-posts":[],"_links":{"self":[{"href":"https:\/\/realitatearutiera.ro\/index.php?rest_route=\/wp\/v2\/posts\/88517","targetHints":{"allow":["GET"]}}],"collection":[{"href":"https:\/\/realitatearutiera.ro\/index.php?rest_route=\/wp\/v2\/posts"}],"about":[{"href":"https:\/\/realitatearutiera.ro\/index.php?rest_route=\/wp\/v2\/types\/post"}],"author":[{"embeddable":true,"href":"https:\/\/realitatearutiera.ro\/index.php?rest_route=\/wp\/v2\/users\/1"}],"replies":[{"embeddable":true,"href":"https:\/\/realitatearutiera.ro\/index.php?rest_route=%2Fwp%2Fv2%2Fcomments&post=88517"}],"version-history":[{"count":1,"href":"https:\/\/realitatearutiera.ro\/index.php?rest_route=\/wp\/v2\/posts\/88517\/revisions"}],"predecessor-version":[{"id":88519,"href":"https:\/\/realitatearutiera.ro\/index.php?rest_route=\/wp\/v2\/posts\/88517\/revisions\/88519"}],"wp:featuredmedia":[{"embeddable":true,"href":"https:\/\/realitatearutiera.ro\/index.php?rest_route=\/wp\/v2\/media\/88518"}],"wp:attachment":[{"href":"https:\/\/realitatearutiera.ro\/index.php?rest_route=%2Fwp%2Fv2%2Fmedia&parent=88517"}],"wp:term":[{"taxonomy":"category","embeddable":true,"href":"https:\/\/realitatearutiera.ro\/index.php?rest_route=%2Fwp%2Fv2%2Fcategories&post=88517"},{"taxonomy":"post_tag","embeddable":true,"href":"https:\/\/realitatearutiera.ro\/index.php?rest_route=%2Fwp%2Fv2%2Ftags&post=88517"}],"curies":[{"name":"wp","href":"https:\/\/api.w.org\/{rel}","templated":true}]}}