{"id":8867,"date":"2016-06-01T09:40:55","date_gmt":"2016-06-01T06:40:55","guid":{"rendered":"http:\/\/realitatearutiera.ro\/?p=8867"},"modified":"2016-06-01T09:40:55","modified_gmt":"2016-06-01T06:40:55","slug":"incep-inscrierile-pentru-ocuparea-locurilor-din-gradinite","status":"publish","type":"post","link":"https:\/\/realitatearutiera.ro\/?p=8867","title":{"rendered":"\u00ceNCEP \u00ceNSCRIERILE pentru ocuparea locurilor din gr\u0103dini\u0163e"},"content":{"rendered":"<p>P\u00e2n\u0103 pe <strong>29 iulie<\/strong>, to\u0163i copiii cu v\u00e2rste cuprinse <strong>\u00eentre 3 \u015fi 6 ani<\/strong> trebuie s\u0103 se reg\u0103seasc\u0103 \u00een gr\u0103dini\u0163ele din jude\u0163. Perioada de \u00eenscrieri la <strong>grupa mic\u0103<\/strong> a \u00eenceput deja.<\/p>\n<p><strong>\u00censcrierea<\/strong> se va face \u00een dou\u0103 etape, prima fiind cuprins\u0103 \u00eentre <strong>23 mai &#8211; 17 iunie<\/strong>, iar a doua, \u00eentre\u00a0<strong>27 iunie &#8211; 29 iulie<\/strong>.<\/p>\n<p><strong>Cum se face ierarhizarea<\/strong><\/p>\n<p>Copiii vor avea prioritate \u00een <strong>ordi\u00adnea descresc\u0103toare a grupelor de v\u00e2rs\u00adt\u0103<\/strong>, respectiv: <strong>grupa mare<\/strong> (copii de 5 ani), <strong>grupa mijlocie<\/strong> (copii de 4 ani) \u015fi <strong>grupa mic\u0103<\/strong> (copii de 3 ani). \u00cen situa\u0163ia \u00een care, \u00eentr-o unitate de \u00eenv\u0103\u0163\u0103m\u00e2nt, num\u0103rul cererilor de \u00eenscriere este mai mare dec\u00e2t nu\u00adm\u0103rul de locuri libere, vor fi aplicate, succesiv, <strong>criterii de departajare<\/strong>, stabilite de <strong>Ministerul Educa\u0163iei<\/strong>, \u015fi<strong>criterii de departajare specifice<\/strong>, elaborate de fiecare <strong>gr\u0103dini\u0163\u0103<\/strong>.<\/p>\n<p><strong>Cererile res\u00adpinse<\/strong> fie ca urmare a op\u0163iunilor insuficiente din fi\u015fa de \u00eenscriere, fie din cauza absen\u0163ei locurilor la unitatea de \u00eenv\u0103\u0163\u0103m\u00e2nt dorit\u0103, vor putea fi redepuse \u015fi aprobate \u00een etapele imediat urm\u0103toare sau \u00een etapa de ajust\u0103ri, programat\u0103 \u00een <strong>perioada 1 &#8211; 31 august<\/strong>.<\/p>\n<div>\n<p><strong>Grupa baby<\/strong><\/p>\n<p><strong>Cele mai c\u0103utate gr\u0103dini\u0163e de stat<\/strong> din municipiu, an de an, sunt <strong>gr\u0103di\u00adni\u0163ele cu program prelungit 1, 3, 4, 15, 18<\/strong><strong>, \u201eSf\u00e2nta Parascheva\u201c, \u201eSf\u00e2ntul Sava\u201c, 28 \u015fi Gr\u0103dini\u0163a cu Program Special Bucium<\/strong>. \u015ei la <strong>privat<\/strong> p\u0103rin\u0163ii s-au gr\u0103bit s\u0103-\u015fi \u00eenscrie copiii, aici \u00eenscrierile f\u0103c\u00e2ndu-se pe toat\u0103 perioada anului \u015fcolar. Cele mai c\u0103utate sunt <strong>gr\u0103dini\u0163ele Kitty, Ioana, Lorelay, Iris, C\u0103su\u0163a Z\u00e2nelor, FEG \u015fi EuroEd<\/strong>.<\/p>\n<p>\u00cen premier\u0103, comparativ cu anii anteriori, monitorizarea fluxului de re\u00eenscrieri \u015fi \u00eenscrieri se va realiza informatizat, prin intermediul <strong>Sis\u00adtemului Infor\u00admatic Integrat al \u00cenv\u0103\u00ad\u0163\u0103m\u00e2ntului din Rom\u00e2nia<\/strong>, dezvoltat de <strong>Ministerul Educa\u0163iei<\/strong>. Pe toat\u0103 durata acestui proces, inspectoratele \u015fcolare jude\u00ad\u0163ene asist\u0103 unit\u0103\u0163ile de \u00eenv\u0103\u0163\u0103\u00adm\u00e2nt \u00een activitatea de \u00eenscriere \u015fi confirm\u0103 finalizarea colect\u0103rii cere\u00adrilor aferente etapelor de \u00eenscriere.<\/p>\n<p>&nbsp;<\/p>\n<\/div>\n","protected":false},"excerpt":{"rendered":"<p>P\u00e2n\u0103 pe 29 iulie, to\u0163i copiii cu v\u00e2rste cuprinse \u00eentre 3 \u015fi 6 ani trebuie s\u0103 se reg\u0103seasc\u0103 \u00een gr\u0103dini\u0163ele<\/p>\n","protected":false},"author":1,"featured_media":8869,"comment_status":"open","ping_status":"open","sticky":false,"template":"","format":"standard","meta":{"spay_email":"","footnotes":"","jetpack_publicize_message":""},"categories":[1],"tags":[],"class_list":["post-8867","post","type-post","status-publish","format-standard","has-post-thumbnail","hentry","category-uncategorized"],"jetpack_featured_media_url":"https:\/\/i1.wp.com\/realitatearutiera.ro\/wp-content\/uploads\/2016\/06\/11-gradinita-lib-vlad0767-465x390-1.jpg?fit=605%2C388&ssl=1","jetpack_publicize_connections":[],"jetpack_sharing_enabled":true,"jetpack_shortlink":"https:\/\/wp.me\/p61naM-2j1","jetpack-related-posts":[],"_links":{"self":[{"href":"https:\/\/realitatearutiera.ro\/index.php?rest_route=\/wp\/v2\/posts\/8867","targetHints":{"allow":["GET"]}}],"collection":[{"href":"https:\/\/realitatearutiera.ro\/index.php?rest_route=\/wp\/v2\/posts"}],"about":[{"href":"https:\/\/realitatearutiera.ro\/index.php?rest_route=\/wp\/v2\/types\/post"}],"author":[{"embeddable":true,"href":"https:\/\/realitatearutiera.ro\/index.php?rest_route=\/wp\/v2\/users\/1"}],"replies":[{"embeddable":true,"href":"https:\/\/realitatearutiera.ro\/index.php?rest_route=%2Fwp%2Fv2%2Fcomments&post=8867"}],"version-history":[{"count":1,"href":"https:\/\/realitatearutiera.ro\/index.php?rest_route=\/wp\/v2\/posts\/8867\/revisions"}],"predecessor-version":[{"id":8870,"href":"https:\/\/realitatearutiera.ro\/index.php?rest_route=\/wp\/v2\/posts\/8867\/revisions\/8870"}],"wp:featuredmedia":[{"embeddable":true,"href":"https:\/\/realitatearutiera.ro\/index.php?rest_route=\/wp\/v2\/media\/8869"}],"wp:attachment":[{"href":"https:\/\/realitatearutiera.ro\/index.php?rest_route=%2Fwp%2Fv2%2Fmedia&parent=8867"}],"wp:term":[{"taxonomy":"category","embeddable":true,"href":"https:\/\/realitatearutiera.ro\/index.php?rest_route=%2Fwp%2Fv2%2Fcategories&post=8867"},{"taxonomy":"post_tag","embeddable":true,"href":"https:\/\/realitatearutiera.ro\/index.php?rest_route=%2Fwp%2Fv2%2Ftags&post=8867"}],"curies":[{"name":"wp","href":"https:\/\/api.w.org\/{rel}","templated":true}]}}