{"id":88694,"date":"2022-08-10T08:19:43","date_gmt":"2022-08-10T05:19:43","guid":{"rendered":"http:\/\/realitatearutiera.ro\/?p=88694"},"modified":"2022-08-10T08:19:51","modified_gmt":"2022-08-10T05:19:51","slug":"trafic-restrictionat-pe-mai-multe-tronsoane-rutiere","status":"publish","type":"post","link":"https:\/\/realitatearutiera.ro\/?p=88694","title":{"rendered":"TRAFIC RESTRIC\u021aIONAT PE MAI MULTE TRONSOANE RUTIERE"},"content":{"rendered":"\n<p><strong>Ora:&nbsp;<\/strong>06:45<\/p>\n\n\n\n<p><strong>Centrul INFOTRAFIC din Inspectoratul General al Poli\u021biei Rom\u00e2ne&nbsp;<\/strong>informeaz\u0103 c\u0103 ast\u0103zi, \u00eentre orele 07.00 \u2013 15.30, circula\u021bia va fi restric\u021bionat\u0103 pe a doua band\u0103 pe A1 pe sensul c\u0103tre Pite\u0219ti, \u00eentre kilometrii 39 \u2013 41, pentru colectarea nisipului din zona mediana.<\/p>\n\n\n\n<p>De asemenea&nbsp;\u0219i pe A1 R\u00e2mnicu V\u00e2lcea-Deva, sunt instituite restric\u021bii de trafic dup\u0103 cum urmeaz\u0103:<\/p>\n\n\n\n<p>&nbsp; &nbsp; &nbsp; &nbsp; &#8211; km 244-240, calea 2, va fi restric\u021bionat\u0103 banda doi, pentru lucrari \u00een zona median\u0103, \u00eentre orele&nbsp;<strong>07:30-17:00<\/strong>.<\/p>\n\n\n\n<p>&nbsp; &nbsp; &nbsp; &nbsp; &#8211; km 305+500-306+500, Calea 1, va fi restric\u021bionat\u0103 prima band\u0103, pentru lucr\u0103ri frezare \u0219i asfaltare, \u00eentre orele&nbsp;<strong>07:10-19:00.<\/strong><\/p>\n\n\n\n<p>Totodat\u0103, \u0219i pe A3 Turda-Bors, sunt estrictii de circulatie pe tronsonul C\u00e2mpia Turzii N\u0103d\u0103\u0219elu, \u00een interval orar: 07.00-20.00 in nodul rutier de la Gil\u0103u jud Cluj.&nbsp;Traficul rutier se va desf\u0103\u0219ura alternativ.&nbsp;<\/p>\n\n\n\n<p>Adapta\u021bi viteza, asigura\u021bi-v\u0103 \u0219i semnaliza\u021bi din timp inten\u021bia de schimbare a benzii de circula\u021bie! Nu opri\u021bi \u00een mod nejustificat pe banda de urgen\u021b\u0103!<\/p>\n","protected":false},"excerpt":{"rendered":"<p>Ora:&nbsp;06:45 Centrul INFOTRAFIC din Inspectoratul General al Poli\u021biei Rom\u00e2ne&nbsp;informeaz\u0103 c\u0103 ast\u0103zi, \u00eentre orele 07.00 \u2013 15.30, circula\u021bia va fi restric\u021bionat\u0103<\/p>\n","protected":false},"author":1,"featured_media":74372,"comment_status":"open","ping_status":"closed","sticky":false,"template":"","format":"standard","meta":{"spay_email":"","footnotes":"","jetpack_publicize_message":""},"categories":[54],"tags":[],"class_list":["post-88694","post","type-post","status-publish","format-standard","has-post-thumbnail","hentry","category-informatii-rutiere"],"jetpack_featured_media_url":"https:\/\/i2.wp.com\/realitatearutiera.ro\/wp-content\/uploads\/2021\/03\/infotrafic-e1561614370677.png?fit=350%2C200&ssl=1","jetpack_publicize_connections":[],"jetpack_sharing_enabled":true,"jetpack_shortlink":"https:\/\/wp.me\/p61naM-n4y","jetpack-related-posts":[],"_links":{"self":[{"href":"https:\/\/realitatearutiera.ro\/index.php?rest_route=\/wp\/v2\/posts\/88694","targetHints":{"allow":["GET"]}}],"collection":[{"href":"https:\/\/realitatearutiera.ro\/index.php?rest_route=\/wp\/v2\/posts"}],"about":[{"href":"https:\/\/realitatearutiera.ro\/index.php?rest_route=\/wp\/v2\/types\/post"}],"author":[{"embeddable":true,"href":"https:\/\/realitatearutiera.ro\/index.php?rest_route=\/wp\/v2\/users\/1"}],"replies":[{"embeddable":true,"href":"https:\/\/realitatearutiera.ro\/index.php?rest_route=%2Fwp%2Fv2%2Fcomments&post=88694"}],"version-history":[{"count":1,"href":"https:\/\/realitatearutiera.ro\/index.php?rest_route=\/wp\/v2\/posts\/88694\/revisions"}],"predecessor-version":[{"id":88695,"href":"https:\/\/realitatearutiera.ro\/index.php?rest_route=\/wp\/v2\/posts\/88694\/revisions\/88695"}],"wp:featuredmedia":[{"embeddable":true,"href":"https:\/\/realitatearutiera.ro\/index.php?rest_route=\/wp\/v2\/media\/74372"}],"wp:attachment":[{"href":"https:\/\/realitatearutiera.ro\/index.php?rest_route=%2Fwp%2Fv2%2Fmedia&parent=88694"}],"wp:term":[{"taxonomy":"category","embeddable":true,"href":"https:\/\/realitatearutiera.ro\/index.php?rest_route=%2Fwp%2Fv2%2Fcategories&post=88694"},{"taxonomy":"post_tag","embeddable":true,"href":"https:\/\/realitatearutiera.ro\/index.php?rest_route=%2Fwp%2Fv2%2Ftags&post=88694"}],"curies":[{"name":"wp","href":"https:\/\/api.w.org\/{rel}","templated":true}]}}