{"id":88807,"date":"2022-08-12T09:04:11","date_gmt":"2022-08-12T06:04:11","guid":{"rendered":"http:\/\/realitatearutiera.ro\/?p=88807"},"modified":"2022-08-12T09:04:16","modified_gmt":"2022-08-12T06:04:16","slug":"accident-rutier-in-localitatea-nou-sibiu","status":"publish","type":"post","link":"https:\/\/realitatearutiera.ro\/?p=88807","title":{"rendered":"Accident rutier \u00een localitatea Nou-Sibiu"},"content":{"rendered":"\n<p><strong>Un accident rutier soldat cu r\u0103nirea a patru persoane a avut loc, joi sear\u0103 \u00een localitatea Nou din jude\u021bul Sibiu. \u00cen eveniment au fost implicate dou\u0103 ma\u0219ini.<\/strong><\/p>\n\n\n\n<p>Potrivit IPJ Sibiu, la data de 11 august, \u00een jurul orei 23,00, poli\u021bi\u0219tii Biroului Rutier Sibiu au intervenit la un accident rutier produs pe raza localit\u0103\u021bii Nou.<\/p>\n\n\n\n<p>\u00cen timp ce conducea un autoturism pe DJ 106S, un localnic \u00een v\u00e2rst\u0103 de 35 de ani, posibil pe fondul unei dep\u0103\u0219iri neregulamentare, ar fi p\u0103truns pe contrasens unde a intrat \u00een coliziune cu un autoturism condus din sens opus tot de c\u0103tre un localnic, \u00een v\u00e2rst\u0103 de 25 de ani.<\/p>\n\n\n\n<p>\u00cen urma impactului, 4 pasageri din autoturismul condus de c\u0103tre b\u0103rbatul de 25 de ani au fost transporta\u021bi la spital pentru \u00eengrijiri medicale, con\u0219tien\u021bi.<\/p>\n\n\n\n<p>Cercet\u0103rile continu\u0103 \u00een vederea stabilirii cauzei exacte \u0219i a circumstan\u021belor producerii accidentului.<\/p>\n\n\n\n<h4 class=\"wp-block-heading\">Accident \u00een localitatea Nou, jude\u021bul Sibiu: Preciz\u0103rile pompierilor<\/h4>\n\n\n\n<p>Potrivit ISU Sibiu, la fa\u021ba locului salvatorii au acordat \u00eengrijiri medicale pentru dou\u0103 persoane, un b\u0103rbat de 25 de ani \u0219i o femeie de 23 de ani. Ace\u0219tia au fost transporta\u021bi con\u0219tien\u021bi la UPU Sibiu, fiind poli-contuziona\u021bi.<\/p>\n\n\n\n<p>De asemenea, la fa\u021ba locului, dou\u0103 echipaje SAJ au acordat \u00eengrijiri medicale \u0219i au transportat la UPU Sibiu alte dou\u0103 persoane.<\/p>\n\n\n\n<p>Sursa:romania24<\/p>\n","protected":false},"excerpt":{"rendered":"<p>Un accident rutier soldat cu r\u0103nirea a patru persoane a avut loc, joi sear\u0103 \u00een localitatea Nou din jude\u021bul Sibiu.<\/p>\n","protected":false},"author":1,"featured_media":88006,"comment_status":"open","ping_status":"closed","sticky":false,"template":"","format":"standard","meta":{"spay_email":"","footnotes":"","jetpack_publicize_message":""},"categories":[1],"tags":[],"class_list":["post-88807","post","type-post","status-publish","format-standard","has-post-thumbnail","hentry","category-uncategorized"],"jetpack_featured_media_url":"https:\/\/i1.wp.com\/realitatearutiera.ro\/wp-content\/uploads\/2022\/07\/accident-indicator-rutier-generic_500b3.jpg?fit=1200%2C802&ssl=1","jetpack_publicize_connections":[],"jetpack_sharing_enabled":true,"jetpack_shortlink":"https:\/\/wp.me\/p61naM-n6n","jetpack-related-posts":[],"_links":{"self":[{"href":"https:\/\/realitatearutiera.ro\/index.php?rest_route=\/wp\/v2\/posts\/88807","targetHints":{"allow":["GET"]}}],"collection":[{"href":"https:\/\/realitatearutiera.ro\/index.php?rest_route=\/wp\/v2\/posts"}],"about":[{"href":"https:\/\/realitatearutiera.ro\/index.php?rest_route=\/wp\/v2\/types\/post"}],"author":[{"embeddable":true,"href":"https:\/\/realitatearutiera.ro\/index.php?rest_route=\/wp\/v2\/users\/1"}],"replies":[{"embeddable":true,"href":"https:\/\/realitatearutiera.ro\/index.php?rest_route=%2Fwp%2Fv2%2Fcomments&post=88807"}],"version-history":[{"count":1,"href":"https:\/\/realitatearutiera.ro\/index.php?rest_route=\/wp\/v2\/posts\/88807\/revisions"}],"predecessor-version":[{"id":88808,"href":"https:\/\/realitatearutiera.ro\/index.php?rest_route=\/wp\/v2\/posts\/88807\/revisions\/88808"}],"wp:featuredmedia":[{"embeddable":true,"href":"https:\/\/realitatearutiera.ro\/index.php?rest_route=\/wp\/v2\/media\/88006"}],"wp:attachment":[{"href":"https:\/\/realitatearutiera.ro\/index.php?rest_route=%2Fwp%2Fv2%2Fmedia&parent=88807"}],"wp:term":[{"taxonomy":"category","embeddable":true,"href":"https:\/\/realitatearutiera.ro\/index.php?rest_route=%2Fwp%2Fv2%2Fcategories&post=88807"},{"taxonomy":"post_tag","embeddable":true,"href":"https:\/\/realitatearutiera.ro\/index.php?rest_route=%2Fwp%2Fv2%2Ftags&post=88807"}],"curies":[{"name":"wp","href":"https:\/\/api.w.org\/{rel}","templated":true}]}}