{"id":88919,"date":"2022-08-16T11:54:28","date_gmt":"2022-08-16T08:54:28","guid":{"rendered":"http:\/\/realitatearutiera.ro\/?p=88919"},"modified":"2022-08-16T12:02:40","modified_gmt":"2022-08-16T09:02:40","slug":"copii-raniti-pe-o-sosea-din-valcea","status":"publish","type":"post","link":"https:\/\/realitatearutiera.ro\/?p=88919","title":{"rendered":"Copii r\u0103ni\u021bi pe o \u0219osea din V\u00e2lcea"},"content":{"rendered":"\n<p><strong>Un accident rutier a avut loc, mar\u021bi, \u00een Sute\u0219ti, V\u00e2lcea.<\/strong><\/p>\n\n\n\n<p>Un b\u0103rbat de 61 de ani, \u00een timp ce conducea un autoturism, a izbit un alt autoturism care se afla parcat, \u00een afara p\u0103r\u021bii carosabile.<\/p>\n\n\n\n<figure class=\"wp-block-image\"><img decoding=\"async\" src=\"https:\/\/i0.wp.com\/romania24.ro\/wp-content\/uploads\/2022\/08\/vv.jpg?w=800&#038;ssl=1\" alt=\"vv\" class=\"wp-image-407749\" data-recalc-dims=\"1\"\/><\/figure>\n\n\n\n<p>\u00cen urma impactului a rezultat r\u0103nirea a doi copii, de 9 \u0219i 13 ani.<\/p>\n\n\n\n<p>Victimele au fost transportate la spital \u00een vederea acord\u0103rii de \u00eengrijiri medicale.<\/p>\n\n\n\n<figure class=\"wp-block-image\"><img decoding=\"async\" src=\"https:\/\/i1.wp.com\/romania24.ro\/wp-content\/uploads\/2022\/08\/v.jpg?w=800&#038;ssl=1\" alt=\"v\" class=\"wp-image-407750\" data-recalc-dims=\"1\"\/><\/figure>\n\n\n\n<p>\u00cen cauz\u0103, poli\u021bi\u0219tii efectueaz\u0103 cercet\u0103ri pentru stabilirea cauzelor producerii evenimentului rutier.<\/p>\n\n\n\n<p>Sursa:romanaia24<\/p>\n","protected":false},"excerpt":{"rendered":"<p>Un accident rutier a avut loc, mar\u021bi, \u00een Sute\u0219ti, V\u00e2lcea. Un b\u0103rbat de 61 de ani, \u00een timp ce conducea<\/p>\n","protected":false},"author":1,"featured_media":88920,"comment_status":"open","ping_status":"closed","sticky":false,"template":"","format":"standard","meta":{"spay_email":"","footnotes":"","jetpack_publicize_message":""},"categories":[1],"tags":[],"class_list":["post-88919","post","type-post","status-publish","format-standard","has-post-thumbnail","hentry","category-uncategorized"],"jetpack_featured_media_url":"https:\/\/i1.wp.com\/realitatearutiera.ro\/wp-content\/uploads\/2022\/08\/accc.png?fit=1322%2C742&ssl=1","jetpack_publicize_connections":[],"jetpack_sharing_enabled":true,"jetpack_shortlink":"https:\/\/wp.me\/p61naM-n8b","jetpack-related-posts":[],"_links":{"self":[{"href":"https:\/\/realitatearutiera.ro\/index.php?rest_route=\/wp\/v2\/posts\/88919","targetHints":{"allow":["GET"]}}],"collection":[{"href":"https:\/\/realitatearutiera.ro\/index.php?rest_route=\/wp\/v2\/posts"}],"about":[{"href":"https:\/\/realitatearutiera.ro\/index.php?rest_route=\/wp\/v2\/types\/post"}],"author":[{"embeddable":true,"href":"https:\/\/realitatearutiera.ro\/index.php?rest_route=\/wp\/v2\/users\/1"}],"replies":[{"embeddable":true,"href":"https:\/\/realitatearutiera.ro\/index.php?rest_route=%2Fwp%2Fv2%2Fcomments&post=88919"}],"version-history":[{"count":1,"href":"https:\/\/realitatearutiera.ro\/index.php?rest_route=\/wp\/v2\/posts\/88919\/revisions"}],"predecessor-version":[{"id":88921,"href":"https:\/\/realitatearutiera.ro\/index.php?rest_route=\/wp\/v2\/posts\/88919\/revisions\/88921"}],"wp:featuredmedia":[{"embeddable":true,"href":"https:\/\/realitatearutiera.ro\/index.php?rest_route=\/wp\/v2\/media\/88920"}],"wp:attachment":[{"href":"https:\/\/realitatearutiera.ro\/index.php?rest_route=%2Fwp%2Fv2%2Fmedia&parent=88919"}],"wp:term":[{"taxonomy":"category","embeddable":true,"href":"https:\/\/realitatearutiera.ro\/index.php?rest_route=%2Fwp%2Fv2%2Fcategories&post=88919"},{"taxonomy":"post_tag","embeddable":true,"href":"https:\/\/realitatearutiera.ro\/index.php?rest_route=%2Fwp%2Fv2%2Ftags&post=88919"}],"curies":[{"name":"wp","href":"https:\/\/api.w.org\/{rel}","templated":true}]}}