{"id":89297,"date":"2022-08-25T08:49:05","date_gmt":"2022-08-25T05:49:05","guid":{"rendered":"http:\/\/realitatearutiera.ro\/?p=89297"},"modified":"2022-08-25T08:49:10","modified_gmt":"2022-08-25T05:49:10","slug":"mures-o-persoana-a-murit-dupa-ce-un-autoturism-a-intrat-violent-intr-un-cap-de-pod","status":"publish","type":"post","link":"https:\/\/realitatearutiera.ro\/?p=89297","title":{"rendered":"Mure\u0219: O persoan\u0103 a murit dup\u0103 ce un autoturism a intrat violent \u00eentr-un cap de pod"},"content":{"rendered":"\n<p><strong>Un cumplit accident rutier a avut loc, joi diminea\u021b\u0103, pe DN 15 \u00een jude\u021bul Mure\u0219. O persoan\u0103 a murit \u0219i alte dou\u0103 au fost r\u0103nite dup\u0103 ce ma\u0219ina \u00een care se aflau a lovit un cap de pod.<\/strong><\/p>\n\n\n\n<figure class=\"wp-block-image size-full is-resized\"><img loading=\"lazy\" decoding=\"async\" data-attachment-id=\"89298\" data-permalink=\"https:\/\/realitatearutiera.ro\/?attachment_id=89298\" data-orig-file=\"https:\/\/i2.wp.com\/realitatearutiera.ro\/wp-content\/uploads\/2022\/08\/image-37.png?fit=800%2C763&amp;ssl=1\" data-orig-size=\"800,763\" data-comments-opened=\"1\" data-image-meta=\"{&quot;aperture&quot;:&quot;0&quot;,&quot;credit&quot;:&quot;&quot;,&quot;camera&quot;:&quot;&quot;,&quot;caption&quot;:&quot;&quot;,&quot;created_timestamp&quot;:&quot;0&quot;,&quot;copyright&quot;:&quot;&quot;,&quot;focal_length&quot;:&quot;0&quot;,&quot;iso&quot;:&quot;0&quot;,&quot;shutter_speed&quot;:&quot;0&quot;,&quot;title&quot;:&quot;&quot;,&quot;orientation&quot;:&quot;0&quot;}\" data-image-title=\"image-37\" data-image-description=\"\" data-medium-file=\"https:\/\/i2.wp.com\/realitatearutiera.ro\/wp-content\/uploads\/2022\/08\/image-37.png?fit=300%2C286&amp;ssl=1\" data-large-file=\"https:\/\/i2.wp.com\/realitatearutiera.ro\/wp-content\/uploads\/2022\/08\/image-37.png?fit=800%2C763&amp;ssl=1\" src=\"https:\/\/i2.wp.com\/realitatearutiera.ro\/wp-content\/uploads\/2022\/08\/image-37.png?resize=578%2C551\" alt=\"\" class=\"wp-image-89298\" width=\"578\" height=\"551\" srcset=\"https:\/\/i2.wp.com\/realitatearutiera.ro\/wp-content\/uploads\/2022\/08\/image-37.png?w=800&amp;ssl=1 800w, https:\/\/i2.wp.com\/realitatearutiera.ro\/wp-content\/uploads\/2022\/08\/image-37.png?resize=300%2C286&amp;ssl=1 300w, https:\/\/i2.wp.com\/realitatearutiera.ro\/wp-content\/uploads\/2022\/08\/image-37.png?resize=768%2C732&amp;ssl=1 768w\" sizes=\"auto, (max-width: 578px) 100vw, 578px\" data-recalc-dims=\"1\" \/><\/figure>\n\n\n\n<p>Accidentul a avut loc \u00een localitatea V\u0103lenii de Mure\u0219, \u00een jurul orei 04.30.<\/p>\n\n\n\n<p>Potrivit ISU Mure\u0219, din primele informa\u021bii un autoturism a intrat \u00eentr-un cap de pod, a ie\u0219it de pe partea carosabil\u0103 \u0219i a intrat \u00een \u0219an\u021bul de pe acela\u0219i sens de mers.<\/p>\n\n\n\n<p>\u00cen urma impactului au rezultat trei victime \u2013 una de sex masculin \u00een v\u00e2rst\u0103 de 55 de ani, incon\u0219tient\u0103, cod ro\u0219u \u0219i dou\u0103 victime de cod verde (sex masculin \u2013 41 de ani, respectiv feminin- 31 de ani) asistate medical la fa\u021ba locului.<\/p>\n\n\n\n<p>Pentru victima de cod ro\u0219u s-au aplicat manevrele de resuscitare timp de o or\u0103, de c\u0103tre echipajul SMURD prezent la fa\u021ba locului.<\/p>\n\n\n\n<p>B\u0103rbatul de 55 de ani nu a r\u0103spuns manevrelor de resuscitare, fiind declarat decedat.<\/p>\n\n\n\n<p>Pompierii au asigurat m\u0103surile specifice PSI.<\/p>\n\n\n\n<p>Circula\u021bia s-a desf\u0103\u0219urat pe un singur sens pe toat\u0103 durata interven\u021biei.<\/p>\n\n\n\n<p>Poli\u021bia efectueaz\u0103 cercet\u0103ri pentru a stabili cu exactitate cauzele \u0219i \u00eemprejur\u0103rile \u00een care s-a produs accidentul.<\/p>\n\n\n\n<p>Sursa:romania24<\/p>\n","protected":false},"excerpt":{"rendered":"<p>Un cumplit accident rutier a avut loc, joi diminea\u021b\u0103, pe DN 15 \u00een jude\u021bul Mure\u0219. O persoan\u0103 a murit \u0219i<\/p>\n","protected":false},"author":1,"featured_media":88920,"comment_status":"open","ping_status":"closed","sticky":false,"template":"","format":"standard","meta":{"spay_email":"","footnotes":"","jetpack_publicize_message":""},"categories":[1],"tags":[],"class_list":["post-89297","post","type-post","status-publish","format-standard","has-post-thumbnail","hentry","category-uncategorized"],"jetpack_featured_media_url":"https:\/\/i1.wp.com\/realitatearutiera.ro\/wp-content\/uploads\/2022\/08\/accc.png?fit=1322%2C742&ssl=1","jetpack_publicize_connections":[],"jetpack_sharing_enabled":true,"jetpack_shortlink":"https:\/\/wp.me\/p61naM-neh","jetpack-related-posts":[],"_links":{"self":[{"href":"https:\/\/realitatearutiera.ro\/index.php?rest_route=\/wp\/v2\/posts\/89297","targetHints":{"allow":["GET"]}}],"collection":[{"href":"https:\/\/realitatearutiera.ro\/index.php?rest_route=\/wp\/v2\/posts"}],"about":[{"href":"https:\/\/realitatearutiera.ro\/index.php?rest_route=\/wp\/v2\/types\/post"}],"author":[{"embeddable":true,"href":"https:\/\/realitatearutiera.ro\/index.php?rest_route=\/wp\/v2\/users\/1"}],"replies":[{"embeddable":true,"href":"https:\/\/realitatearutiera.ro\/index.php?rest_route=%2Fwp%2Fv2%2Fcomments&post=89297"}],"version-history":[{"count":1,"href":"https:\/\/realitatearutiera.ro\/index.php?rest_route=\/wp\/v2\/posts\/89297\/revisions"}],"predecessor-version":[{"id":89299,"href":"https:\/\/realitatearutiera.ro\/index.php?rest_route=\/wp\/v2\/posts\/89297\/revisions\/89299"}],"wp:featuredmedia":[{"embeddable":true,"href":"https:\/\/realitatearutiera.ro\/index.php?rest_route=\/wp\/v2\/media\/88920"}],"wp:attachment":[{"href":"https:\/\/realitatearutiera.ro\/index.php?rest_route=%2Fwp%2Fv2%2Fmedia&parent=89297"}],"wp:term":[{"taxonomy":"category","embeddable":true,"href":"https:\/\/realitatearutiera.ro\/index.php?rest_route=%2Fwp%2Fv2%2Fcategories&post=89297"},{"taxonomy":"post_tag","embeddable":true,"href":"https:\/\/realitatearutiera.ro\/index.php?rest_route=%2Fwp%2Fv2%2Ftags&post=89297"}],"curies":[{"name":"wp","href":"https:\/\/api.w.org\/{rel}","templated":true}]}}