{"id":89480,"date":"2022-09-12T11:11:02","date_gmt":"2022-09-12T08:11:02","guid":{"rendered":"http:\/\/realitatearutiera.ro\/?p=89480"},"modified":"2022-09-12T11:11:09","modified_gmt":"2022-09-12T08:11:09","slug":"accident-cu-trei-victime-pe-o-sosea-din-neamt-trei-masini-implicate","status":"publish","type":"post","link":"https:\/\/realitatearutiera.ro\/?p=89480","title":{"rendered":"Accident cu trei victime pe o \u0219osea din Neam\u021b. Trei ma\u0219ini implicate"},"content":{"rendered":"\n<figure class=\"wp-block-image is-resized\"><img loading=\"lazy\" decoding=\"async\" src=\"https:\/\/i2.wp.com\/romania24.ro\/wp-content\/uploads\/2022\/07\/accident-general-e1657345548303.jpg?resize=419%2C345&#038;ssl=1\" alt=\"accident general\" width=\"419\" height=\"345\" data-recalc-dims=\"1\" \/><\/figure>\n\n\n\n<p><strong>Un&nbsp; accident rutier soldat cu r\u0103nirea a trei persoane a avut loc, luni diminea\u021b\u0103 \u00een localitatea V\u00e2n\u0103tori, jude\u021bul Neam\u021b. \u00cen accident au fost implicate trei autoturisme.<\/strong><\/p>\n\n\n\n<p>Potrivit ISU Neam\u021b, la ora 10:30, prin apel la 112, pompierii au fost \u00een\u0219tiin\u021ba\u021bi despre producerea unui accident rutier \u00een comuna V\u00e2n\u0103tori Neam\u021b.<\/p>\n\n\n\n<p>Ajunse la locul solicit\u0103rii, for\u021bele de interven\u021bie au constatat c\u0103 \u00een evenimentul rutier au fost implicate trei autoturisme \u00een care se aflau \u0219ase persoane.<\/p>\n\n\n\n<p>\u00cen urma evenimentului rutier persoan\u0103 a r\u0103mas \u00eencarcerat\u0103.<\/p>\n\n\n\n<p>Alte dou\u0103 persoane, au necesitat \u00eengrijiri medicale. Dou\u0103 femei de 49 \u0219i 70 de ani au fost preluate de un echipaj de la SAJ \u00een vederea transportului la CPU T\u00e2rgu Neam\u021b.<\/p>\n\n\n\n<p>Pompierii au ac\u021bionat pentru descarcerarea unui b\u0103rbat \u00een v\u00e2rst\u0103 de 67 de ani, pasager \u00eentr-un autoturism. Aceasta a fost preluat de echipajul SAJ \u0219i transportat la CPU T\u00e2rgu Neam\u021b.<\/p>\n\n\n\n<p>Militarii au ac\u021bionat \u0219i pentru asigurarea m\u0103surilor de prevenire \u0219i stingere a incendiilor \u0219i pentru cur\u0103\u021barea carosabilului de elementele rezultate \u00een urma accidentului rutier.<\/p>\n\n\n\n<p>La locul solicit\u0103rii s-au deplasat dou\u0103 echipaje de pompieri cu o autospecial\u0103 de stingere \u0219i o autospecial\u0103 pentru descarcerare din cadrul Deta\u0219amentului T\u00e2rgu Neam\u021b \u0219i un echipaj cu ambulan\u021b\u0103 de la SAJ T\u00e2rgu Neam\u021b.<\/p>\n\n\n\n<p>Sursa:romania24<\/p>\n","protected":false},"excerpt":{"rendered":"<p>Un&nbsp; accident rutier soldat cu r\u0103nirea a trei persoane a avut loc, luni diminea\u021b\u0103 \u00een localitatea V\u00e2n\u0103tori, jude\u021bul Neam\u021b. \u00cen<\/p>\n","protected":false},"author":1,"featured_media":88920,"comment_status":"open","ping_status":"closed","sticky":false,"template":"","format":"standard","meta":{"spay_email":"","footnotes":"","jetpack_publicize_message":""},"categories":[1],"tags":[],"class_list":["post-89480","post","type-post","status-publish","format-standard","has-post-thumbnail","hentry","category-uncategorized"],"jetpack_featured_media_url":"https:\/\/i1.wp.com\/realitatearutiera.ro\/wp-content\/uploads\/2022\/08\/accc.png?fit=1322%2C742&ssl=1","jetpack_publicize_connections":[],"jetpack_sharing_enabled":true,"jetpack_shortlink":"https:\/\/wp.me\/p61naM-nhe","jetpack-related-posts":[],"_links":{"self":[{"href":"https:\/\/realitatearutiera.ro\/index.php?rest_route=\/wp\/v2\/posts\/89480","targetHints":{"allow":["GET"]}}],"collection":[{"href":"https:\/\/realitatearutiera.ro\/index.php?rest_route=\/wp\/v2\/posts"}],"about":[{"href":"https:\/\/realitatearutiera.ro\/index.php?rest_route=\/wp\/v2\/types\/post"}],"author":[{"embeddable":true,"href":"https:\/\/realitatearutiera.ro\/index.php?rest_route=\/wp\/v2\/users\/1"}],"replies":[{"embeddable":true,"href":"https:\/\/realitatearutiera.ro\/index.php?rest_route=%2Fwp%2Fv2%2Fcomments&post=89480"}],"version-history":[{"count":1,"href":"https:\/\/realitatearutiera.ro\/index.php?rest_route=\/wp\/v2\/posts\/89480\/revisions"}],"predecessor-version":[{"id":89481,"href":"https:\/\/realitatearutiera.ro\/index.php?rest_route=\/wp\/v2\/posts\/89480\/revisions\/89481"}],"wp:featuredmedia":[{"embeddable":true,"href":"https:\/\/realitatearutiera.ro\/index.php?rest_route=\/wp\/v2\/media\/88920"}],"wp:attachment":[{"href":"https:\/\/realitatearutiera.ro\/index.php?rest_route=%2Fwp%2Fv2%2Fmedia&parent=89480"}],"wp:term":[{"taxonomy":"category","embeddable":true,"href":"https:\/\/realitatearutiera.ro\/index.php?rest_route=%2Fwp%2Fv2%2Fcategories&post=89480"},{"taxonomy":"post_tag","embeddable":true,"href":"https:\/\/realitatearutiera.ro\/index.php?rest_route=%2Fwp%2Fv2%2Ftags&post=89480"}],"curies":[{"name":"wp","href":"https:\/\/api.w.org\/{rel}","templated":true}]}}