{"id":89708,"date":"2022-09-16T09:35:53","date_gmt":"2022-09-16T06:35:53","guid":{"rendered":"http:\/\/realitatearutiera.ro\/?p=89708"},"modified":"2022-09-16T09:35:56","modified_gmt":"2022-09-16T06:35:56","slug":"dacia-pregateste-o-surpriza-chiar-inainte-de-salonul-auto-de-la-paris","status":"publish","type":"post","link":"https:\/\/realitatearutiera.ro\/?p=89708","title":{"rendered":"Dacia preg\u0103te\u0219te o surpriz\u0103 chiar \u00eenainte de Salonul Auto de la Paris"},"content":{"rendered":"\n<p>Dacia a publicat un scurt material video \u00een care apare un nou vehicul. Anun\u021bul vine chiar \u00eenainte de Salonul Auto de la Paris.<\/p>\n\n\n\n<figure class=\"wp-block-image size-full is-resized\"><img loading=\"lazy\" decoding=\"async\" data-attachment-id=\"89709\" data-permalink=\"https:\/\/realitatearutiera.ro\/?attachment_id=89709\" data-orig-file=\"https:\/\/i2.wp.com\/realitatearutiera.ro\/wp-content\/uploads\/2022\/09\/image-21.png?fit=716%2C700&amp;ssl=1\" data-orig-size=\"716,700\" data-comments-opened=\"1\" data-image-meta=\"{&quot;aperture&quot;:&quot;0&quot;,&quot;credit&quot;:&quot;&quot;,&quot;camera&quot;:&quot;&quot;,&quot;caption&quot;:&quot;&quot;,&quot;created_timestamp&quot;:&quot;0&quot;,&quot;copyright&quot;:&quot;&quot;,&quot;focal_length&quot;:&quot;0&quot;,&quot;iso&quot;:&quot;0&quot;,&quot;shutter_speed&quot;:&quot;0&quot;,&quot;title&quot;:&quot;&quot;,&quot;orientation&quot;:&quot;0&quot;}\" data-image-title=\"image-21\" data-image-description=\"\" data-medium-file=\"https:\/\/i2.wp.com\/realitatearutiera.ro\/wp-content\/uploads\/2022\/09\/image-21.png?fit=300%2C293&amp;ssl=1\" data-large-file=\"https:\/\/i2.wp.com\/realitatearutiera.ro\/wp-content\/uploads\/2022\/09\/image-21.png?fit=716%2C700&amp;ssl=1\" src=\"https:\/\/i2.wp.com\/realitatearutiera.ro\/wp-content\/uploads\/2022\/09\/image-21.png?resize=475%2C464\" alt=\"\" class=\"wp-image-89709\" width=\"475\" height=\"464\" srcset=\"https:\/\/i2.wp.com\/realitatearutiera.ro\/wp-content\/uploads\/2022\/09\/image-21.png?w=716&amp;ssl=1 716w, https:\/\/i2.wp.com\/realitatearutiera.ro\/wp-content\/uploads\/2022\/09\/image-21.png?resize=300%2C293&amp;ssl=1 300w\" sizes=\"auto, (max-width: 475px) 100vw, 475px\" data-recalc-dims=\"1\" \/><\/figure>\n\n\n\n<p>\u0218tim c\u0103 Grupul Renault a preg\u0103tit c\u00e2teva surprize pentru&nbsp;<a href=\"https:\/\/www.promotor.ro\/stiri-auto\/renault-va-prezenta-un-nou-show-car-electric-19090482\">Salonul Auto de la Paris<\/a>&nbsp;care va avea loc \u00eentre 17 \u0219i 23 octombrie 2022. Dacia a postat un scurt material video \u00een care sunt afi\u0219ate fragmente dintr-un vehicul misterios. Mesajul ata\u0219at clipului este \u201eCe este Robust \u0219i Potrivit pentru ie\u0219irile \u00een natur\u0103, dar \u0219i Eco &amp; Smart?\u201d<\/p>\n\n\n\n<p>La finalul clipului este afi\u0219at\u0103 data de 16 septembrie 2022. Ceea ce \u00eenseamn\u0103 c\u0103 urmeaz\u0103 s\u0103 vedem cur\u00e2nd ceea ni se preg\u0103te\u0219te.<\/p>\n\n\n\n<h2 class=\"wp-block-heading\">Ce am putut vedea p\u00e2n\u0103 acum \u00een clipul postat de Dacia?<\/h2>\n\n\n\n<p>\u00cen videoclipul postat de Dacia am putut vedea un vehicul de teren care ruleaz\u0103 pe timp de noapte. Acesta poart\u0103 noua emblem\u0103 a brandului, aceasta fiind chiar iluminat\u0103. De asemenea, am putut observa \u0219i fr\u00e2nturi ale interiorului, printre care \u0219i volanul. Interiorul acestei ma\u0219ini este diferit de orice altceva am v\u0103zut \u00een gama Dacia. Au fost ar\u0103tate \u0219i c\u00e2teva cadre din ceea ce pare a fi o p\u0103dure, dar nu se pot distinge foarte multe lucruri din acestea.<\/p>\n\n\n\n<p><video preload=\"none\" poster=\"data:image\/png;base64,iVBORw0KGgoAAAANSUhEUgAAAAEAAAABCAQAAAC1HAwCAAAAC0lEQVR42mNkYAAAAAYAAjCB0C8AAAAASUVORK5CYII=\" src=\"https:\/\/nv.vi-serve.com\/vis-media\/136\/2226\/136_b79355700e1645a984cfad52c168d64c_720p.mp4\"><\/video><\/p>\n\n\n\n<p>Produc\u0103torul va fi prezent la Salonul Auto de la Paris al\u0103turi de celelalte branduri din Grupul Renault. Compania a prezentat \u00een acest an o nou\u0103 identitate vizual\u0103, care \u00eenglobeaz\u0103 un logo complet nou. \u00centreaga sa gam\u0103 va fi prezentat\u0103 \u00een totalitate \u00een cadrul salonului. Dacia va prezenta etapa final\u0103 \u00een transformarea identit\u0103\u021bii sale vizuale cu ocazia evenimentului din octombrie.<\/p>\n\n\n\n<p>Dacia are \u00een plan noi modele, printre care \u0219i viitorul s\u0103u SUV,&nbsp;<a href=\"https:\/\/www.promotor.ro\/stiri-auto\/poze-noul-suv-dacia-bigster-fratele-mai-mare-al-lui-duster-a-fost-prezentat-in-romania-19005687\">Bigster<\/a>. Acesta ar trebui s\u0103 fie lansat pe pia\u021b\u0103 p\u00e2n\u0103 \u00een anul 2025. Dacia a declarat la evenimentul din martie c\u0103 viitorul SUV va respecta \u00een propor\u021bie de 90% ceea ce s-a putut vedea pe conceptul dezv\u0103luit atunci.<\/p>\n\n\n\n<p>R\u0103m\u00e2ne s\u0103 afl\u0103m ce mai are \u00een plan produc\u0103torul autohton.<\/p>\n\n\n\n<p>Video<a href=\"https:\/\/www.promotor.ro\/stiri-auto\/dacia-pregateste-o-surpriza-chiar-inainte-de-salonul-auto-de-la-paris-19090788\"> aici<\/a><\/p>\n\n\n\n<p>Sursa:promotor<\/p>\n","protected":false},"excerpt":{"rendered":"<p>Dacia a publicat un scurt material video \u00een care apare un nou vehicul. Anun\u021bul vine chiar \u00eenainte de Salonul Auto<\/p>\n","protected":false},"author":1,"featured_media":89710,"comment_status":"open","ping_status":"closed","sticky":false,"template":"","format":"standard","meta":{"spay_email":"","footnotes":"","jetpack_publicize_message":""},"categories":[82],"tags":[],"class_list":["post-89708","post","type-post","status-publish","format-standard","has-post-thumbnail","hentry","category-auto"],"jetpack_featured_media_url":"https:\/\/i1.wp.com\/realitatearutiera.ro\/wp-content\/uploads\/2022\/09\/759077l-1000x640-b-8e0ed75d.jpg?fit=1000%2C640&ssl=1","jetpack_publicize_connections":[],"jetpack_sharing_enabled":true,"jetpack_shortlink":"https:\/\/wp.me\/p61naM-nkU","jetpack-related-posts":[],"_links":{"self":[{"href":"https:\/\/realitatearutiera.ro\/index.php?rest_route=\/wp\/v2\/posts\/89708","targetHints":{"allow":["GET"]}}],"collection":[{"href":"https:\/\/realitatearutiera.ro\/index.php?rest_route=\/wp\/v2\/posts"}],"about":[{"href":"https:\/\/realitatearutiera.ro\/index.php?rest_route=\/wp\/v2\/types\/post"}],"author":[{"embeddable":true,"href":"https:\/\/realitatearutiera.ro\/index.php?rest_route=\/wp\/v2\/users\/1"}],"replies":[{"embeddable":true,"href":"https:\/\/realitatearutiera.ro\/index.php?rest_route=%2Fwp%2Fv2%2Fcomments&post=89708"}],"version-history":[{"count":1,"href":"https:\/\/realitatearutiera.ro\/index.php?rest_route=\/wp\/v2\/posts\/89708\/revisions"}],"predecessor-version":[{"id":89711,"href":"https:\/\/realitatearutiera.ro\/index.php?rest_route=\/wp\/v2\/posts\/89708\/revisions\/89711"}],"wp:featuredmedia":[{"embeddable":true,"href":"https:\/\/realitatearutiera.ro\/index.php?rest_route=\/wp\/v2\/media\/89710"}],"wp:attachment":[{"href":"https:\/\/realitatearutiera.ro\/index.php?rest_route=%2Fwp%2Fv2%2Fmedia&parent=89708"}],"wp:term":[{"taxonomy":"category","embeddable":true,"href":"https:\/\/realitatearutiera.ro\/index.php?rest_route=%2Fwp%2Fv2%2Fcategories&post=89708"},{"taxonomy":"post_tag","embeddable":true,"href":"https:\/\/realitatearutiera.ro\/index.php?rest_route=%2Fwp%2Fv2%2Ftags&post=89708"}],"curies":[{"name":"wp","href":"https:\/\/api.w.org\/{rel}","templated":true}]}}