{"id":89882,"date":"2022-09-21T11:02:46","date_gmt":"2022-09-21T08:02:46","guid":{"rendered":"http:\/\/realitatearutiera.ro\/?p=89882"},"modified":"2022-09-21T11:02:53","modified_gmt":"2022-09-21T08:02:53","slug":"ce-au-facut-politistii-din-bacau-cu-carutasii-si-biciclistii-care-erau-un-pericol-pentru-soferi","status":"publish","type":"post","link":"https:\/\/realitatearutiera.ro\/?p=89882","title":{"rendered":"Ce au f\u0103cut poli\u021bi\u0219tii din Bac\u0103u cu c\u0103ru\u021ba\u0219ii \u0219i bicicli\u0219tii care erau un pericol pentru \u0219oferi"},"content":{"rendered":"\n<p>Oamenii legii din Bac\u0103u au montat pe atelaje elemente fluorescent-reflectorizante pentru a fi vizibile \u00een trafic. Totodat\u0103, c\u0103ru\u021ba\u0219ii \u0219i bicicli\u0219tii au primit veste reflectorizante.<img loading=\"lazy\" decoding=\"async\" src=\"https:\/\/i1.wp.com\/cdn.adh.reperio.news\/image-1\/1033c8d2-0e34-4d8f-912f-d31be08a0791\/index.jpeg?resize=800%2C383&#038;ssl=1\" alt=\"image\" width=\"800\" height=\"383\"  data-recalc-dims=\"1\"><\/p>\n\n\n\n<p>Poli\u021bi\u0219tii au montat \u0219i numere de \u00eenmatriculare pe c\u0103ru\u021be FOTO IPJ Bac\u0103u<\/p>\n\n\n\n<p>\u00cen aceste zile, poli\u021bi\u0219tii rutieri au efectuat mai multe ac\u021biuni pentru reducerea riscului rutier, precum \u0219i pentru con\u0219tientizarea importan\u021bei respect\u0103rii regulilor de circula\u021bie pe drumurile publice.<\/p>\n\n\n\n<p>Ac\u021biunile s-au desf\u0103\u0219urat \u00een cadrul proiectului ROADPOL Safety Days, destinat con\u0219tientiz\u0103rii tuturor categoriilor de participan\u021bi la traficul rutier, cu privire la riscurile la care se expun \u00een situa\u021bia \u00een care nu respect\u0103 normele rutiere \u0219i \u00een scopul adopt\u0103rii de c\u0103tre ace\u0219tia a unei conduite responsabile atunci c\u00e2nd se deplaseaz\u0103 pe drumurile publice.<\/p>\n\n\n\n<p>La nivelul jude\u021bului Bac\u0103u, poli\u021bi\u0219tii rutieri desf\u0103\u0219oar\u0103 activit\u0103\u021bi informativ \u2013 preventive \u00een vederea con\u0219tientiz\u0103rii participan\u021bilor la traficul rutier cu privire la riscurile la care se expun \u00een situa\u021bia \u00een care nu respect\u0103 normele rutiere.<\/p>\n\n\n\n<p><em>\u201ePoli\u021bi\u0219tii rutieri \u0219i cei de prevenire au fost prezen\u021bi \u00een comunit\u0103\u021bile din Buhu\u0219i \u0219i comunele arondate, unde au montat pe atelajele hipo elemente fluorescent-reflectorizante pentru a fi vizibili \u00een trafic. Totodat\u0103, c\u0103ru\u021ba\u0219ilor \u0219i bicicli\u0219tilor le-au fost \u00eenm\u00e2nate veste reflectorizante de c\u0103tre oamenii legii \u0219i li s-au explicat obliga\u021biile legale pe care le au c\u00e2nd circul\u0103 pe drumurile publice\u201d<\/em>, au precizat reprezentan\u021bii IPJ Bac\u0103u.<\/p>\n\n\n\n<p>Poli\u021bi\u0219tii le recomand\u0103 c\u0103ru\u021ba\u0219ilor \u0219i bicicli\u0219tilor s\u0103 poarte \u00eembr\u0103c\u0103minte cu elemente fluorescent-reflectorizante de la l\u0103sarea serii p\u00e2n\u0103 \u00een zorii zilei sau atunci c\u00e2nd vizibilitatea este redus\u0103.<\/p>\n","protected":false},"excerpt":{"rendered":"<p>Oamenii legii din Bac\u0103u au montat pe atelaje elemente fluorescent-reflectorizante pentru a fi vizibile \u00een trafic. Totodat\u0103, c\u0103ru\u021ba\u0219ii \u0219i bicicli\u0219tii<\/p>\n","protected":false},"author":1,"featured_media":89883,"comment_status":"open","ping_status":"closed","sticky":false,"template":"","format":"standard","meta":{"spay_email":"","footnotes":"","jetpack_publicize_message":""},"categories":[6],"tags":[],"class_list":["post-89882","post","type-post","status-publish","format-standard","has-post-thumbnail","hentry","category-social"],"jetpack_featured_media_url":"https:\/\/realitatearutiera.ro\/wp-content\/uploads\/2022\/09\/index-3.webp","jetpack_publicize_connections":[],"jetpack_sharing_enabled":true,"jetpack_shortlink":"https:\/\/wp.me\/p61naM-nnI","jetpack-related-posts":[],"_links":{"self":[{"href":"https:\/\/realitatearutiera.ro\/index.php?rest_route=\/wp\/v2\/posts\/89882","targetHints":{"allow":["GET"]}}],"collection":[{"href":"https:\/\/realitatearutiera.ro\/index.php?rest_route=\/wp\/v2\/posts"}],"about":[{"href":"https:\/\/realitatearutiera.ro\/index.php?rest_route=\/wp\/v2\/types\/post"}],"author":[{"embeddable":true,"href":"https:\/\/realitatearutiera.ro\/index.php?rest_route=\/wp\/v2\/users\/1"}],"replies":[{"embeddable":true,"href":"https:\/\/realitatearutiera.ro\/index.php?rest_route=%2Fwp%2Fv2%2Fcomments&post=89882"}],"version-history":[{"count":1,"href":"https:\/\/realitatearutiera.ro\/index.php?rest_route=\/wp\/v2\/posts\/89882\/revisions"}],"predecessor-version":[{"id":89884,"href":"https:\/\/realitatearutiera.ro\/index.php?rest_route=\/wp\/v2\/posts\/89882\/revisions\/89884"}],"wp:featuredmedia":[{"embeddable":true,"href":"https:\/\/realitatearutiera.ro\/index.php?rest_route=\/wp\/v2\/media\/89883"}],"wp:attachment":[{"href":"https:\/\/realitatearutiera.ro\/index.php?rest_route=%2Fwp%2Fv2%2Fmedia&parent=89882"}],"wp:term":[{"taxonomy":"category","embeddable":true,"href":"https:\/\/realitatearutiera.ro\/index.php?rest_route=%2Fwp%2Fv2%2Fcategories&post=89882"},{"taxonomy":"post_tag","embeddable":true,"href":"https:\/\/realitatearutiera.ro\/index.php?rest_route=%2Fwp%2Fv2%2Ftags&post=89882"}],"curies":[{"name":"wp","href":"https:\/\/api.w.org\/{rel}","templated":true}]}}