{"id":90167,"date":"2022-09-28T10:04:01","date_gmt":"2022-09-28T07:04:01","guid":{"rendered":"http:\/\/realitatearutiera.ro\/?p=90167"},"modified":"2022-09-28T10:04:06","modified_gmt":"2022-09-28T07:04:06","slug":"vremea-azi-28-septembrie","status":"publish","type":"post","link":"https:\/\/realitatearutiera.ro\/?p=90167","title":{"rendered":"Vremea azi, 28 septembrie"},"content":{"rendered":"\n<p>Miercuri se r\u0103coreste \u00een vestul, nord-vestul \u0219i centrul \u021b\u0103rii, pe unde vor fi \u00eennor\u0103ri \u0219i averse locale. &nbsp;<\/p>\n\n\n\n<p>\u00cen celelalte zone se anun\u021b\u0103&nbsp;<a href=\"https:\/\/vremea.stirileprotv.ro\/?_ga=2.247409732.1768399327.1664251896-974686309.1655205299\" target=\"_blank\" rel=\"noreferrer noopener\">vreme mai bun\u0103<\/a>, cu cer variabil \u0219i ploi sporadice, iar v\u00e2ntul se intensific\u0103 pe crestele montane, \u00een sud \u0219i \u00een sud-est.<\/p>\n\n\n\n<p>Diminea\u021ba vor fi condi\u021bii de cea\u021b\u0103, iar maximele pleac\u0103 de la 18 grade \u00een depresiuni \u0219i vor ajunge p\u00e2n\u0103 la 28 de grade \u00een sud \u0219i \u00een sud-est.<\/p>\n\n\n\n<h2 class=\"wp-block-heading\"><a href=\"https:\/\/vremea.stirileprotv.ro\/?_ga=2.247409732.1768399327.1664251896-974686309.1655205299\" target=\"_blank\" rel=\"noreferrer noopener\">Vremea&nbsp;<\/a>\u00een \u021bar\u0103<\/h2>\n\n\n\n<p>Vedem ce se \u00eent\u00e2mpl\u0103 \u00een fiecare regiune \u0219i \u00eencepem cu&nbsp;<strong>Dobrogea&nbsp;<\/strong>\u0219i cu&nbsp;<strong>B\u0103r\u0103ganul<\/strong>. Pe aici g\u0103sim vreme frumoas\u0103 cu mult soare, \u00eens\u0103 diminea\u021ba mai sunt condi\u021bii de cea\u021b\u0103. V\u00e2ntul va fi ceva mai insistent \u0219i se face mai cald dec\u00e2t mar\u021bi.<\/p>\n\n\n\n<p>Mai sus, \u00een&nbsp;<strong>Moldova sudic\u0103<\/strong>&nbsp;\u0219i \u00een&nbsp;<strong>nordul Munteniei&nbsp;<\/strong>vremea continu\u0103 s\u0103 se \u00eenc\u0103lzeasc\u0103. Nu sunt anun\u021bate ploi, norii vor fi rari pe timpul zilei, iar maximele se opresc pe la 27 de grade.<\/p>\n\n\n\n<p>\u00cen&nbsp;<strong>nordul Moldovei<\/strong>&nbsp;\u0219i \u00een&nbsp;<strong>Bucovina<\/strong>&nbsp;se anun\u021b\u0103 o zi foarte frumoas\u0103: soare, c\u00e2\u021biva nori de vreme bun\u0103 \u0219i temperaturi cu 2-3 grade peste cele de mar\u021bi.<\/p>\n\n\n\n<p>\u00cen&nbsp;<strong>nordul Transilvaniei&nbsp;<\/strong>\u0219i \u00een&nbsp;<strong>Maramure\u0219&nbsp;<\/strong>g\u0103sim \u00eennor\u0103ri \u0219i ploi locale. Apare pu\u021bin \u0219i soarele pe parcursul zilei \u0219i temperaturile vor fi modeste. Se ating cel mult 20 de grade.<\/p>\n\n\n\n<p>\u00cen&nbsp;<strong>vestul \u021b\u0103rii&nbsp;<\/strong>atmosfera va fi schimb\u0103toare, apar \u0219i c\u00e2teva ploi slabe, iar maximele ajung p\u00e2n\u0103 la 21 de grade.<\/p>\n\n\n\n<p>\u0218i \u00een&nbsp;<strong>Transilvania&nbsp;<\/strong>g\u0103sim vreme r\u0103coroas\u0103, ploi din loc \u00een loc, dar apare \u0219i soarele printre nori.<\/p>\n\n\n\n<p>Diminea\u021ba sunt condi\u021bii de cea\u021b\u0103 iar dup\u0103 pr\u00e2nz se ating 21 de grade.<\/p>\n\n\n\n<p><strong>Sud-vestul \u021b\u0103rii&nbsp;<\/strong>are parte de soare \u0219i atmosfer\u0103 pl\u0103cut\u0103. Doar pe la munte e posibil s\u0103 ploua pu\u021bin, \u00een rest soarele str\u0103luce\u0219te toat\u0103 ziua. Se \u00eenc\u0103lze\u0219te u\u0219or \u0219i maximele urc\u0103 spre<br>25 de grade.<\/p>\n\n\n\n<p>\u00cen \u021binuturile sudice g\u0103sim vreme frumoas\u0103 \u0219i temperaturi \u00een cre\u0219tere. Dup\u0103 pr\u00e2nz, \u00een&nbsp;<strong>Lunca Dun\u0103rii&nbsp;<\/strong>se ating 28 de grade Celsius.<\/p>\n\n\n\n<h2 class=\"wp-block-heading\">Vremea \u00een Bucure\u0219ti<\/h2>\n\n\n\n<p>\u00cen Bucure\u0219ti,&nbsp;<strong>miercuri&nbsp;<\/strong>avem o zi cald\u0103, soare \u0219i un v\u00e2nt mai activ dup\u0103-amiaza \u0219i seara. Se \u00eenc\u0103lzeste \u0219i dup\u0103 pr\u00e2nz se vor \u00eenregistra \u00een jur de 27 de grade Celsius.<\/p>\n\n\n\n<p><strong>Joi<\/strong>, \u00een primele ore ale zilei vor fi condi\u021bii de cea\u021b\u0103, apoi se arat\u0103 soarele \u0219i se face mult mai cald dec\u00e2t \u00een mod obi\u0219nuit.<\/p>\n\n\n\n<p><strong>Vineri<\/strong>, atmosfera va fi \u00eensorit\u0103 \u0219i foarte cald\u0103. Se ating 31 de grade \u0219i v\u00e2ntul va fi domol.<\/p>\n\n\n\n<p><strong>S\u00e2mb\u0103ta<\/strong>, \u00een prima zi din Octombrie, avem vreme cald\u0103. Maxima va ajunge pe la 30 de grade. Domin\u0103 perioadele cu soare, norii apar doar trec\u0103tor \u0219i v\u00e2ntul va sufla moderat. \u00cen noaptea de s\u00e2mb\u0103t\u0103 spre duminic\u0103 minima va ajunge pe la 15 grade.<\/p>\n\n\n\n<h2 class=\"wp-block-heading\">Vremea la munte<\/h2>\n\n\n\n<p>La munte vor fi averse locale mai ales \u00een mun\u021bii Apuseni. Se pot semnala \u0219i desc\u0103rc\u0103ri electrice, iar v\u00e2ntul va avea intensific\u0103ri \u00een zonele de creast\u0103. Pe v\u0103i \u0219i \u00een depresiuni, diminea\u021ba \u0219i noaptea va fi cea\u021b\u0103, iar temperaturile din sta\u021biuni vor fi comparabile cu cele de mar\u021bi.<\/p>\n\n\n\n<p><strong>Joi&nbsp;<\/strong>se \u00eenc\u0103lze\u0219te, iar dup\u0103-amiaz\u0103 \u0219i la \u00eenceputul nop\u021bii se anun\u021b\u0103 ploi zgomotoase \u0219i v\u00e2ntul prinde putere la altitudini mari.<\/p>\n\n\n\n<p><strong>Vineri&nbsp;<\/strong>vremea devine cald\u0103 pentru final de septembrie, \u00eens\u0103 instabilitatea persist\u0103. Vin averse locale, se pot str\u00e2nge cantit\u0103\u021bi mai \u00eensemnate de ap\u0103 \u0219i se pot semnala \u0219i fenomene electrice.<\/p>\n\n\n\n<p><strong>S\u00e2mb\u0103ta\u00a0<\/strong>vor fi averse \u00een Carpa\u021bii Occidentali, \u00een nordul Orientalilor \u0219i \u00een vestul Carpa\u021bilor Meridionali. Izolat se vor str\u00e2nge cantit\u0103\u021bi importante de ap\u0103 \u0219i se men\u021bin condi\u021biile de grindin\u0103. \u00cen rest, apare \u0219i soarele, plou\u0103 pu\u021bin,<br>iar temperaturile r\u0103m\u00e2n ridicate pentru aceast\u0103 dat\u0103.<\/p>\n\n\n\n<p>Sursa:adevarul<\/p>\n","protected":false},"excerpt":{"rendered":"<p>Miercuri se r\u0103coreste \u00een vestul, nord-vestul \u0219i centrul \u021b\u0103rii, pe unde vor fi \u00eennor\u0103ri \u0219i averse locale. &nbsp; \u00cen celelalte<\/p>\n","protected":false},"author":1,"featured_media":90168,"comment_status":"open","ping_status":"closed","sticky":false,"template":"","format":"standard","meta":{"spay_email":"","footnotes":"","jetpack_publicize_message":""},"categories":[6],"tags":[],"class_list":["post-90167","post","type-post","status-publish","format-standard","has-post-thumbnail","hentry","category-social"],"jetpack_featured_media_url":"https:\/\/i2.wp.com\/realitatearutiera.ro\/wp-content\/uploads\/2022\/09\/descarcare-1-2.jpg?fit=275%2C183&ssl=1","jetpack_publicize_connections":[],"jetpack_sharing_enabled":true,"jetpack_shortlink":"https:\/\/wp.me\/p61naM-nsj","jetpack-related-posts":[],"_links":{"self":[{"href":"https:\/\/realitatearutiera.ro\/index.php?rest_route=\/wp\/v2\/posts\/90167","targetHints":{"allow":["GET"]}}],"collection":[{"href":"https:\/\/realitatearutiera.ro\/index.php?rest_route=\/wp\/v2\/posts"}],"about":[{"href":"https:\/\/realitatearutiera.ro\/index.php?rest_route=\/wp\/v2\/types\/post"}],"author":[{"embeddable":true,"href":"https:\/\/realitatearutiera.ro\/index.php?rest_route=\/wp\/v2\/users\/1"}],"replies":[{"embeddable":true,"href":"https:\/\/realitatearutiera.ro\/index.php?rest_route=%2Fwp%2Fv2%2Fcomments&post=90167"}],"version-history":[{"count":1,"href":"https:\/\/realitatearutiera.ro\/index.php?rest_route=\/wp\/v2\/posts\/90167\/revisions"}],"predecessor-version":[{"id":90169,"href":"https:\/\/realitatearutiera.ro\/index.php?rest_route=\/wp\/v2\/posts\/90167\/revisions\/90169"}],"wp:featuredmedia":[{"embeddable":true,"href":"https:\/\/realitatearutiera.ro\/index.php?rest_route=\/wp\/v2\/media\/90168"}],"wp:attachment":[{"href":"https:\/\/realitatearutiera.ro\/index.php?rest_route=%2Fwp%2Fv2%2Fmedia&parent=90167"}],"wp:term":[{"taxonomy":"category","embeddable":true,"href":"https:\/\/realitatearutiera.ro\/index.php?rest_route=%2Fwp%2Fv2%2Fcategories&post=90167"},{"taxonomy":"post_tag","embeddable":true,"href":"https:\/\/realitatearutiera.ro\/index.php?rest_route=%2Fwp%2Fv2%2Ftags&post=90167"}],"curies":[{"name":"wp","href":"https:\/\/api.w.org\/{rel}","templated":true}]}}