{"id":9046,"date":"2016-06-08T12:52:17","date_gmt":"2016-06-08T09:52:17","guid":{"rendered":"http:\/\/realitatearutiera.ro\/?p=9046"},"modified":"2016-06-08T12:52:17","modified_gmt":"2016-06-08T09:52:17","slug":"masina-cazuta-in-albia-unui-rau","status":"publish","type":"post","link":"https:\/\/realitatearutiera.ro\/?p=9046","title":{"rendered":"Ma\u015fin\u0103 c\u0103zut\u0103 \u00een albia unui r\u00e2u"},"content":{"rendered":"<p>Dou\u0103 persoane au fost r\u0103nite, ieri, dup\u0103 ce au c\u0103zut cu ma\u015fina \u00een albia p\u00eer\u00eeului Seaca, din comuna Boroaia. Autoturismul era condus de o localnic\u0103 de 55 de ani, iar \u00een interior se mai g\u0103sea un cons\u0103tean de-al ei, \u00een v\u00eerst\u0103 de 34 de ani.<\/p>\n<p>Femeia nu consumase alcool. Ea a pierdut controlul asupra direc\u0163iei de mers, \u00eentr-o curb\u0103 u\u015foar\u0103 la st\u00eenga, pe un sector de drum \u00een pant\u0103.<\/p>\n<p>Sursa:Suceavanews<\/p>\n<p>&nbsp;<\/p>\n","protected":false},"excerpt":{"rendered":"<p>Dou\u0103 persoane au fost r\u0103nite, ieri, dup\u0103 ce au c\u0103zut cu ma\u015fina \u00een albia p\u00eer\u00eeului Seaca, din comuna Boroaia. Autoturismul<\/p>\n","protected":false},"author":1,"featured_media":9048,"comment_status":"open","ping_status":"open","sticky":false,"template":"","format":"standard","meta":{"spay_email":"","footnotes":"","jetpack_publicize_message":""},"categories":[1],"tags":[],"class_list":["post-9046","post","type-post","status-publish","format-standard","has-post-thumbnail","hentry","category-uncategorized"],"jetpack_featured_media_url":"https:\/\/i2.wp.com\/realitatearutiera.ro\/wp-content\/uploads\/2016\/06\/masina-rau.jpg?fit=211%2C119&ssl=1","jetpack_publicize_connections":[],"jetpack_sharing_enabled":true,"jetpack_shortlink":"https:\/\/wp.me\/p61naM-2lU","jetpack-related-posts":[],"_links":{"self":[{"href":"https:\/\/realitatearutiera.ro\/index.php?rest_route=\/wp\/v2\/posts\/9046","targetHints":{"allow":["GET"]}}],"collection":[{"href":"https:\/\/realitatearutiera.ro\/index.php?rest_route=\/wp\/v2\/posts"}],"about":[{"href":"https:\/\/realitatearutiera.ro\/index.php?rest_route=\/wp\/v2\/types\/post"}],"author":[{"embeddable":true,"href":"https:\/\/realitatearutiera.ro\/index.php?rest_route=\/wp\/v2\/users\/1"}],"replies":[{"embeddable":true,"href":"https:\/\/realitatearutiera.ro\/index.php?rest_route=%2Fwp%2Fv2%2Fcomments&post=9046"}],"version-history":[{"count":1,"href":"https:\/\/realitatearutiera.ro\/index.php?rest_route=\/wp\/v2\/posts\/9046\/revisions"}],"predecessor-version":[{"id":9049,"href":"https:\/\/realitatearutiera.ro\/index.php?rest_route=\/wp\/v2\/posts\/9046\/revisions\/9049"}],"wp:featuredmedia":[{"embeddable":true,"href":"https:\/\/realitatearutiera.ro\/index.php?rest_route=\/wp\/v2\/media\/9048"}],"wp:attachment":[{"href":"https:\/\/realitatearutiera.ro\/index.php?rest_route=%2Fwp%2Fv2%2Fmedia&parent=9046"}],"wp:term":[{"taxonomy":"category","embeddable":true,"href":"https:\/\/realitatearutiera.ro\/index.php?rest_route=%2Fwp%2Fv2%2Fcategories&post=9046"},{"taxonomy":"post_tag","embeddable":true,"href":"https:\/\/realitatearutiera.ro\/index.php?rest_route=%2Fwp%2Fv2%2Ftags&post=9046"}],"curies":[{"name":"wp","href":"https:\/\/api.w.org\/{rel}","templated":true}]}}