{"id":90503,"date":"2022-10-06T10:15:03","date_gmt":"2022-10-06T07:15:03","guid":{"rendered":"http:\/\/realitatearutiera.ro\/?p=90503"},"modified":"2022-10-06T10:15:08","modified_gmt":"2022-10-06T07:15:08","slug":"zem-masina-electrica-cu-panouri-solare-care-absoarbe-dioxidul-de-carbon-din-aer","status":"publish","type":"post","link":"https:\/\/realitatearutiera.ro\/?p=90503","title":{"rendered":"ZEM, ma\u015fina electric\u0103 cu panouri solare care absoarbe dioxidul de carbon din aer"},"content":{"rendered":"\n<p>O echip\u0103 format\u0103 din 35 de studen\u0163i de la Universitatea de Tehnologie din Eindhoven, Olanda, a reu\u015fit s\u0103 construiasc\u0103 o ma\u015fin\u0103 electric\u0103, cu panouri solare, care absoarbe mai mult dioxid de carbon din aer dec\u00e2t emite.<\/p>\n\n\n\n<figure class=\"wp-block-image\"><img decoding=\"async\" src=\"https:\/\/www.antena3.ro\/thumbs\/big4\/2022\/10\/06\/zem-masina-electrica-panouri-solare-absoarbe-dioxid-de-carbon-793315.webp\" alt=\"ZEM, ma\u015fina electric\u0103 cu panouri solare care absoarbe dioxidul de carbon din aer\"\/><\/figure>\n\n\n\n<p>Sursa foto: YouTube de\u00a0<a href=\"https:\/\/www.antena3.ro\/autor\/alin-tarnovschi.html\">Alin Tarnovschi<\/a>\u00a0\u00a0\u00a0 | \u00a0\u00a0\u00a006 Oct 2022 \u00a0\u00a0\u2022\u00a0\u00a0 09:55<\/p>\n\n\n\n<p>Unic\u0103 \u00een lume, ma\u015fina a fost denumit\u0103 ZEM, prescurtarea de la Zero Emission Mobility, \u015fi este dotat\u0103 cu un dispozitiv care absoarbe dioxidul de carbon din aer.<\/p>\n\n\n\n<p>Pentru a elimina inclusiv emisiile \u00een timpul fabric\u0103rii, studen\u0163ii au construit caroseria \u015fi \u015fasiul ma\u015finii din plastic reciclat folosind o imprimant\u0103 3D. Mai mult, interiorul este realizat din piele artificial\u0103 f\u0103cut\u0103 din ananas.<\/p>\n\n\n\n<p>&#8220;Am implementat foarte multe tehnologii \u00eentr-o singur\u0103 ma\u015fin\u0103 pentru a ar\u0103ta ce putem face \u00eempreun\u0103&#8221;, a declarat Louise de Laat, managerul echipei.<\/p>\n\n\n\n<p>ZEM are dou\u0103 filtre montate \u00een spatele fiec\u0103reia dintre cele dou\u0103 ro\u0163i frontale. \u00cen timp ce aerul trece prin cele dou\u0103 filtre, dioxidul de carbon este absorbit prin intermediul unor site special create.<\/p>\n\n\n\n<p>Filtrele trebuie cur\u0103\u0163ate dup\u0103 aproximativ 320 de kilometri, astfel c\u0103 studen\u0163ii au creat inclusiv o sta\u0163ie de \u00eenc\u0103rcare electric\u0103 unde dioxidul de carbon poate fi extras din filtre.<\/p>\n\n\n\n<p>Ulterior, dioxidul poate fi folosit \u00een produc\u0163ia de combustibil, cum ar fi hidrogenul sau depozitat \u00een subteran pentru a me\u0163ine atmosfera curat\u0103.<\/p>\n\n\n\n<p>Potrivit\u00a0<a rel=\"noreferrer noopener\" href=\"https:\/\/edition.cnn.com\/travel\/article\/zero-emissions-car-tuecomotive-netherlands-climate-scn-hnk-spc-intl\/index.html\" target=\"_blank\">CNN<\/a>, filtrele de pe ZEM absorb o cantitate de aproximativ dou\u0103 kilograme de\u00a0<a href=\"https:\/\/www.antena3.ro\/tag\/dioxid-de-carbon-14257.html\">dioxid de carbon<\/a>\u00a0la fiecare aproximativ 32.000 de kilometri parcur\u015fi, ceea ce \u00eenseamn\u0103 mai pu\u0163in de o zecime din cantitatea absorbit\u0103 anual de un copac.<\/p>\n\n\n\n<p>Video<a href=\"https:\/\/youtu.be\/Z_sJ5iqSe_U\"> aici<\/a><\/p>\n\n\n\n<p>Sursa:antena3<\/p>\n","protected":false},"excerpt":{"rendered":"<p>O echip\u0103 format\u0103 din 35 de studen\u0163i de la Universitatea de Tehnologie din Eindhoven, Olanda, a reu\u015fit s\u0103 construiasc\u0103 o<\/p>\n","protected":false},"author":1,"featured_media":90504,"comment_status":"open","ping_status":"closed","sticky":false,"template":"","format":"standard","meta":{"spay_email":"","footnotes":"","jetpack_publicize_message":""},"categories":[52],"tags":[],"class_list":["post-90503","post","type-post","status-publish","format-standard","has-post-thumbnail","hentry","category-amuzament"],"jetpack_featured_media_url":"https:\/\/i1.wp.com\/realitatearutiera.ro\/wp-content\/uploads\/2022\/10\/zem-masina-electrica-panouri-solare-absoarbe-dioxid-de-carbon-793315.jpg?fit=1200%2C675&ssl=1","jetpack_publicize_connections":[],"jetpack_sharing_enabled":true,"jetpack_shortlink":"https:\/\/wp.me\/p61naM-nxJ","jetpack-related-posts":[],"_links":{"self":[{"href":"https:\/\/realitatearutiera.ro\/index.php?rest_route=\/wp\/v2\/posts\/90503","targetHints":{"allow":["GET"]}}],"collection":[{"href":"https:\/\/realitatearutiera.ro\/index.php?rest_route=\/wp\/v2\/posts"}],"about":[{"href":"https:\/\/realitatearutiera.ro\/index.php?rest_route=\/wp\/v2\/types\/post"}],"author":[{"embeddable":true,"href":"https:\/\/realitatearutiera.ro\/index.php?rest_route=\/wp\/v2\/users\/1"}],"replies":[{"embeddable":true,"href":"https:\/\/realitatearutiera.ro\/index.php?rest_route=%2Fwp%2Fv2%2Fcomments&post=90503"}],"version-history":[{"count":1,"href":"https:\/\/realitatearutiera.ro\/index.php?rest_route=\/wp\/v2\/posts\/90503\/revisions"}],"predecessor-version":[{"id":90505,"href":"https:\/\/realitatearutiera.ro\/index.php?rest_route=\/wp\/v2\/posts\/90503\/revisions\/90505"}],"wp:featuredmedia":[{"embeddable":true,"href":"https:\/\/realitatearutiera.ro\/index.php?rest_route=\/wp\/v2\/media\/90504"}],"wp:attachment":[{"href":"https:\/\/realitatearutiera.ro\/index.php?rest_route=%2Fwp%2Fv2%2Fmedia&parent=90503"}],"wp:term":[{"taxonomy":"category","embeddable":true,"href":"https:\/\/realitatearutiera.ro\/index.php?rest_route=%2Fwp%2Fv2%2Fcategories&post=90503"},{"taxonomy":"post_tag","embeddable":true,"href":"https:\/\/realitatearutiera.ro\/index.php?rest_route=%2Fwp%2Fv2%2Ftags&post=90503"}],"curies":[{"name":"wp","href":"https:\/\/api.w.org\/{rel}","templated":true}]}}