{"id":90643,"date":"2022-10-11T08:29:19","date_gmt":"2022-10-11T05:29:19","guid":{"rendered":"http:\/\/realitatearutiera.ro\/?p=90643"},"modified":"2022-10-11T08:29:23","modified_gmt":"2022-10-11T05:29:23","slug":"accident-rutier-la-iesire-din-municipiul-buzau","status":"publish","type":"post","link":"https:\/\/realitatearutiera.ro\/?p=90643","title":{"rendered":"Accident rutier la ie\u0219ire din municipiul Buz\u0103u"},"content":{"rendered":"\n<p><strong>Trafic dirijat pe DN2E85, la ie\u0219ire din municipiul Buz\u0103u c\u0103tre Sp\u0103taru, din cauza unui accident rutier. A avut loc o coliziune \u00eentre un camion de mare tonaj \u0219i un autovehicul.<\/strong><\/p>\n\n\n\n<figure class=\"wp-block-image is-resized\"><img loading=\"lazy\" decoding=\"async\" src=\"https:\/\/i2.wp.com\/romania24.ro\/wp-content\/uploads\/2022\/10\/b-2.jpg?resize=548%2C308&#038;ssl=1\" alt=\"b\" class=\"wp-image-429002\" width=\"548\" height=\"308\" data-recalc-dims=\"1\" \/><\/figure>\n\n\n\n<p>Din primele date de la fa\u021ba locului a reie\u0219it c\u0103 este vorba de o coliziune \u00eentre un autoturism condus pe direc\u021bia Sp\u0103taru c\u0103tre Buz\u0103u, de c\u0103tre un \u0219ofer \u00een v\u00e2rst\u0103 de 21 de ani, din Od\u0103ile \u0219i camionul de mare tonaj care circula din sens opus, la volanul c\u0103ruia se afla un \u0219ofer de 55 de ani, din Br\u0103ila.<\/p>\n\n\n\n<p>\u00cen urma impactului, autoturismul a rico\u0219at \u00een gardul unei societ\u0103\u021bi comerciale, produc\u00e2nd pagube materiale.<\/p>\n\n\n\n<figure class=\"wp-block-image is-resized\"><img loading=\"lazy\" decoding=\"async\" src=\"https:\/\/i0.wp.com\/romania24.ro\/wp-content\/uploads\/2022\/10\/bb-1.jpg?resize=385%2C684&#038;ssl=1\" alt=\"bb\" class=\"wp-image-429003\" width=\"385\" height=\"684\" data-recalc-dims=\"1\" \/><\/figure>\n\n\n\n<p>Accidentul s-a soldat cu r\u0103nirea \u0219oferului autoturismului, acesta fiind preluat de ambulan\u021b\u0103 \u0219i transportat la spital pentru \u00eengrijiri medicale.<\/p>\n\n\n\n<p>\u00cen cauz\u0103 se va \u00eentocmi dosar penal iar poli\u021bi\u0219tii continu\u0103 cercet\u0103rile pentru stabilirea tuturor \u00eemprejur\u0103rilor \u00een care s-a produs accidentul.<\/p>\n\n\n\n<p>Sursa:romania24<\/p>\n","protected":false},"excerpt":{"rendered":"<p>Trafic dirijat pe DN2E85, la ie\u0219ire din municipiul Buz\u0103u c\u0103tre Sp\u0103taru, din cauza unui accident rutier. A avut loc o<\/p>\n","protected":false},"author":1,"featured_media":88920,"comment_status":"open","ping_status":"closed","sticky":false,"template":"","format":"standard","meta":{"spay_email":"","footnotes":"","jetpack_publicize_message":""},"categories":[1],"tags":[],"class_list":["post-90643","post","type-post","status-publish","format-standard","has-post-thumbnail","hentry","category-uncategorized"],"jetpack_featured_media_url":"https:\/\/i1.wp.com\/realitatearutiera.ro\/wp-content\/uploads\/2022\/08\/accc.png?fit=1322%2C742&ssl=1","jetpack_publicize_connections":[],"jetpack_sharing_enabled":true,"jetpack_shortlink":"https:\/\/wp.me\/p61naM-nzZ","jetpack-related-posts":[],"_links":{"self":[{"href":"https:\/\/realitatearutiera.ro\/index.php?rest_route=\/wp\/v2\/posts\/90643","targetHints":{"allow":["GET"]}}],"collection":[{"href":"https:\/\/realitatearutiera.ro\/index.php?rest_route=\/wp\/v2\/posts"}],"about":[{"href":"https:\/\/realitatearutiera.ro\/index.php?rest_route=\/wp\/v2\/types\/post"}],"author":[{"embeddable":true,"href":"https:\/\/realitatearutiera.ro\/index.php?rest_route=\/wp\/v2\/users\/1"}],"replies":[{"embeddable":true,"href":"https:\/\/realitatearutiera.ro\/index.php?rest_route=%2Fwp%2Fv2%2Fcomments&post=90643"}],"version-history":[{"count":1,"href":"https:\/\/realitatearutiera.ro\/index.php?rest_route=\/wp\/v2\/posts\/90643\/revisions"}],"predecessor-version":[{"id":90644,"href":"https:\/\/realitatearutiera.ro\/index.php?rest_route=\/wp\/v2\/posts\/90643\/revisions\/90644"}],"wp:featuredmedia":[{"embeddable":true,"href":"https:\/\/realitatearutiera.ro\/index.php?rest_route=\/wp\/v2\/media\/88920"}],"wp:attachment":[{"href":"https:\/\/realitatearutiera.ro\/index.php?rest_route=%2Fwp%2Fv2%2Fmedia&parent=90643"}],"wp:term":[{"taxonomy":"category","embeddable":true,"href":"https:\/\/realitatearutiera.ro\/index.php?rest_route=%2Fwp%2Fv2%2Fcategories&post=90643"},{"taxonomy":"post_tag","embeddable":true,"href":"https:\/\/realitatearutiera.ro\/index.php?rest_route=%2Fwp%2Fv2%2Ftags&post=90643"}],"curies":[{"name":"wp","href":"https:\/\/api.w.org\/{rel}","templated":true}]}}