{"id":90912,"date":"2022-10-18T09:28:39","date_gmt":"2022-10-18T06:28:39","guid":{"rendered":"http:\/\/realitatearutiera.ro\/?p=90912"},"modified":"2022-10-18T09:28:43","modified_gmt":"2022-10-18T06:28:43","slug":"femeie-lovita-mortal-de-o-masina-in-marsarier-soferul-a-fugit-de-la-locul-accidentului","status":"publish","type":"post","link":"https:\/\/realitatearutiera.ro\/?p=90912","title":{"rendered":"Femeie lovit\u0103 mortal de o ma\u0219in\u0103 \u00een mar\u0219arier. \u0218oferul a fugit de la locul accidentului"},"content":{"rendered":"\n<p>Un \u0219ofer de 31 de ani a lovit cu ma\u0219ina o femeie de 55 de ani c\u00e2nd efectua manevra de mers cu spatele. Victima a fost internat\u0103 \u00een spital, dar a decedat la scurt timp din cauza traumatismelor suferite.<img loading=\"lazy\" decoding=\"async\" src=\"https:\/\/i0.wp.com\/cdn.adh.reperio.news\/image-d\/d43d61c7-c240-46e7-8d9b-7d4e307ef7f0\/index.jpeg?resize=800%2C400&#038;ssl=1\" alt=\"Victima accidentului a fost transportat\u0103 la spital pentru \u00eengrijiri medicale FOTO arhiv\u0103 Adev\u0103rul\" width=\"800\" height=\"400\"  data-recalc-dims=\"1\"><\/p>\n\n\n\n<p>Victima accidentului a fost transportat\u0103 la spital pentru \u00eengrijiri medicale FOTO arhiv\u0103 Adev\u0103rul<\/p>\n\n\n\n<p>Poli\u021bi\u0219tii au fost sesiza\u021bi \u00een seara zilei de duminic\u0103, 16 octombrie, cu privire la faptul c\u0103 pe strada Prahovei din municipiul Br\u0103ila, o femeie este c\u0103zut\u0103 pe partea carosabil\u0103 \u00een urma unui accident rutier.<\/p>\n\n\n\n<p>La fa\u021ba locului s-au deplasat poli\u021bi\u0219tii, unde au identificat o femeie, \u00een v\u00e2rst\u0103 de 55 de ani, din Br\u0103ila, c\u0103reia i se acordau \u00eengrijiri medicale.<\/p>\n\n\n\n<p><em>\u201e\u00cen urma cercet\u0103rilor efectuate, poli\u021bi\u0219tii au identificat un b\u0103rbat, \u00een v\u00e2rst\u0103 de 31 de ani, din Br\u0103ila, care, \u00een timp ce conducea un autovehicul pe strada Prahovei, ar fi efectuat manevra de mers \u00eenapoi, accident\u00e2nd-o pe femeia \u00een v\u00e2rst\u0103 de 55 de ani, dup\u0103 care a p\u0103r\u0103sit locul accidentului f\u0103r\u0103 \u00eencuviin\u021barea organelor de poli\u021bie\u201d<\/em>, au precizat reprezentan\u021bii IPJ Br\u0103ila.<\/p>\n\n\n\n<p>Femeia a fost transportat\u0103 la Spitalul de Urgen\u021b\u0103 din Br\u0103ila, unde a decedat la scurt timp din cauza traumatismelor suferite. \u0218oferul a fost testat cu alcooltestul, rezultatul fiind negativ. De asemenea, i-au fost recoltate probe biologice la spital.<\/p>\n\n\n\n<p>Poli\u021bi\u0219tii au deschis dosar penal \u00een acest caz pentru ucidere din culp\u0103 \u0219i p\u0103r\u0103sirea locului accidentului f\u0103r\u0103 \u00eencuviin\u021barea poli\u021biei \u0219i continu\u0103 cercet\u0103rile pentru a stabili \u00eemprejur\u0103rile exacte \u00een care s-a produs evenimentul rutier.<\/p>\n\n\n\n<h2 class=\"wp-block-heading\">Pieton lovit de un camion<\/h2>\n\n\n\n<p>Tot luni, 17 octombrie 2022, a avut loc alt accident rutier soldat cu moartea victimei. Un b\u0103rbat de 62 de ani a murit la Timi\u0219oara, lovit de un camion (cap tractor) care circula pe strada Andrei \u0218aguna din Timi\u0219oara. Accidentul a avut loc \u00een jurul pr\u00e2nzului, iar potrivit poli\u021bi\u0219tilor pietonul a traversat strada prin loc nepermis. &nbsp;<\/p>\n\n\n\n<p><em>\u201eAjun\u0219i la fa\u021ba locului, poli\u021bi\u0219tii au constatat c\u0103 un b\u0103rbat, \u00een v\u00e2rst\u0103 de 62 de ani, s-a angajat \u00een traversarea drumului public, prin loc nemarcat \u0219i nesemnalizat corespunz\u0103tor,\u00a0 moment \u00een care a fost surprins \u0219i accidentat de c\u0103tre un cap tractor, condus de un b\u0103rbat de 55 de ani, care se deplasa dinspre strada Iosif Vulcan. \u00cen urma impactului a rezultat, din nefericire, decesul pietonului\u201d<\/em>, a transmis IPJ Timi\u0219.<\/p>\n\n\n\n<p>Sursa:adevarul<\/p>\n","protected":false},"excerpt":{"rendered":"<p>Un \u0219ofer de 31 de ani a lovit cu ma\u0219ina o femeie de 55 de ani c\u00e2nd efectua manevra de<\/p>\n","protected":false},"author":1,"featured_media":88072,"comment_status":"open","ping_status":"closed","sticky":false,"template":"","format":"standard","meta":{"spay_email":"","footnotes":"","jetpack_publicize_message":""},"categories":[1],"tags":[],"class_list":["post-90912","post","type-post","status-publish","format-standard","has-post-thumbnail","hentry","category-uncategorized"],"jetpack_featured_media_url":"https:\/\/i0.wp.com\/realitatearutiera.ro\/wp-content\/uploads\/2022\/07\/calarasi-trafic-ingreunat-pe-dn3-din-cauza-unui-accident-in-care-sunt-implicate-trei-masini-18793759.jpg?fit=1200%2C675&ssl=1","jetpack_publicize_connections":[],"jetpack_sharing_enabled":true,"jetpack_shortlink":"https:\/\/wp.me\/p61naM-nEk","jetpack-related-posts":[],"_links":{"self":[{"href":"https:\/\/realitatearutiera.ro\/index.php?rest_route=\/wp\/v2\/posts\/90912","targetHints":{"allow":["GET"]}}],"collection":[{"href":"https:\/\/realitatearutiera.ro\/index.php?rest_route=\/wp\/v2\/posts"}],"about":[{"href":"https:\/\/realitatearutiera.ro\/index.php?rest_route=\/wp\/v2\/types\/post"}],"author":[{"embeddable":true,"href":"https:\/\/realitatearutiera.ro\/index.php?rest_route=\/wp\/v2\/users\/1"}],"replies":[{"embeddable":true,"href":"https:\/\/realitatearutiera.ro\/index.php?rest_route=%2Fwp%2Fv2%2Fcomments&post=90912"}],"version-history":[{"count":1,"href":"https:\/\/realitatearutiera.ro\/index.php?rest_route=\/wp\/v2\/posts\/90912\/revisions"}],"predecessor-version":[{"id":90913,"href":"https:\/\/realitatearutiera.ro\/index.php?rest_route=\/wp\/v2\/posts\/90912\/revisions\/90913"}],"wp:featuredmedia":[{"embeddable":true,"href":"https:\/\/realitatearutiera.ro\/index.php?rest_route=\/wp\/v2\/media\/88072"}],"wp:attachment":[{"href":"https:\/\/realitatearutiera.ro\/index.php?rest_route=%2Fwp%2Fv2%2Fmedia&parent=90912"}],"wp:term":[{"taxonomy":"category","embeddable":true,"href":"https:\/\/realitatearutiera.ro\/index.php?rest_route=%2Fwp%2Fv2%2Fcategories&post=90912"},{"taxonomy":"post_tag","embeddable":true,"href":"https:\/\/realitatearutiera.ro\/index.php?rest_route=%2Fwp%2Fv2%2Ftags&post=90912"}],"curies":[{"name":"wp","href":"https:\/\/api.w.org\/{rel}","templated":true}]}}