{"id":90927,"date":"2022-10-18T10:54:27","date_gmt":"2022-10-18T07:54:27","guid":{"rendered":"http:\/\/realitatearutiera.ro\/?p=90927"},"modified":"2022-10-18T10:54:30","modified_gmt":"2022-10-18T07:54:30","slug":"muntii-sureanu-locuri-de-o-rara-frumusete","status":"publish","type":"post","link":"https:\/\/realitatearutiera.ro\/?p=90927","title":{"rendered":"Mun\u021bii \u0218ureanu- locuri de o rar\u0103 frumuse\u021be"},"content":{"rendered":"\n<p>O lume arhaic\u0103 dominat\u0103 de a\u0219ez\u0103rile pastorale se dezv\u0103luie dincolo de Fund\u0103tura Ponorului, un loc ascuns din Mun\u021bii \u0218ureanu, devenit \u00een ultimii ani o atrac\u021bie turistic\u0103 pentru tot mai mul\u021bi rom\u00e2ni.<img loading=\"lazy\" decoding=\"async\" src=\"https:\/\/i2.wp.com\/cdn.adh.reperio.news\/image-b\/ba04531c-5d65-41f4-8b8d-207da9d0cc54\/index.jpeg?resize=800%2C502&#038;ssl=1\" alt=\"Chicera Izvorului, \u00een Lunca Ponorului. Foto: Daniel Gu\u021b\u0103\" width=\"800\" height=\"502\"  data-recalc-dims=\"1\"><\/p>\n\n\n\n<p>Chicera Izvorului, \u00een Lunca Ponorului. Foto: Daniel Gu\u021b\u0103<\/p>\n\n\n\n<p>Cei care pornesc pe firul p\u00e2r\u00e2ului Ponor, spre izvoarele acestuia, ie\u0219ind astfel de pe traseele turistice \u201eclasice\u201d din masiv, o pot descoperi aproape nealterat\u0103 de-a lungul timpului.<\/p>\n\n\n\n<p>Ponorul, cel mai spectaculos r\u00e2u din mun\u021bii \u0218ureanu, izvor\u0103\u0219te de sub v\u00e2rful Porumbelu Mare (1.131 metri), traverseaz\u0103 un \u021binut s\u0103lbatic, \u00eemp\u00e2nzit de r\u0103m\u0103\u0219i\u021bele unor st\u00e2ne \u00eenfiin\u021bate \u00een vremea dacilor, \u0219i, la circa 10 kilometri de la izvoarele sale, dispare sub p\u0103m\u00e2nt, \u00een Fund\u0103tura Ponorului.<\/p>\n\n\n\n<p>\u0218irul aproape ne\u00eentrerupt de bucle pe care apele sale le-au desenat \u00een lunca Ponorului i-au sporit farmecul, atr\u0103g\u00e2nd de la an la an tot mai mul\u021bi turi\u0219ti \u00een Fund\u0103tura Ponorului. Pentru unii dintre ei, Ponorul este cel mai spectaculos p\u00e2r\u00e2u din Rom\u00e2nia.<\/p>\n\n\n\n<p><em>\u201eAlbia r\u00e2ului Ponor este una sinuoas\u0103, acesta form\u00e2nd meandre care se \u00eentind pe aproximativ nou\u0103 kilometri pe firul principal, aproape de v\u00e2rful Porumbelu Mare, unde izvor\u0103\u0219te, \u0219i doi km pe afluentul care vine din Poiana Omului. Peisajul natural este \u00eembog\u0103\u021bit de prezen\u021ba s\u0103la\u0219elor \u0219i a cl\u0103ilor de f\u00e2n pres\u0103rate \u00een lunca Ponorului \u0219i pe \u00een\u0103l\u021bimile din \u00eemprejurimi\u201d,<\/em>&nbsp;informeaz\u0103 Parcul Natural Gr\u0103di\u0219tea Muncelului \u2013 Cioclovina.<\/p>\n\n\n\n<p>\u2192<img loading=\"lazy\" decoding=\"async\" src=\"https:\/\/i0.wp.com\/cdn.adh.reperio.news\/image-4\/45566b31-532c-477b-984d-ef48c41a4a59\/index.jpeg?resize=800%2C500&#038;ssl=1\" alt=\"Lunca Ponorului  Mun\u021bii \u0218ureanu  Foto Daniel Gu\u021b\u0103 (35) jpg\" width=\"800\" height=\"500\"  data-recalc-dims=\"1\"><\/p>\n\n\n\n<p>\u00a0Lunca Ponorului Mun\u021bii \u0218ureanu Foto Daniel Gu\u021b\u0103 (35) jpg<\/p>\n\n\n\n<p>\u00cen parcul natural \u00eentins pe aproape 40.000 de hectare \u00een mun\u021bii \u0218ureanu, se afl\u0103 Fund\u0103tura Ponorului, dar \u0219i alte peste 50 de ponoare &#8211; locuri \u00een care apele de suprafa\u021b\u0103 se scurg \u00een subteran, croindu-\u0219i calea prin pere\u021bii de calcar ai mun\u021bilor.<\/p>\n\n\n\n<p>\u0218i tot aici, deasupra v\u0103ii Ponorului, se afl\u0103 Poiana Omului \u2013 una dintre r\u0103scrucile cele mai importante ale drumurilor de plai ale ciobanilor &#8211; locul de \u00eent\u00e2lnire al turmelor aflate \u00een transhuman\u021b\u0103.<\/p>\n\n\n\n<h2 class=\"wp-block-heading\">\u021ainutul pastoral din mun\u021bii \u0218ureanu<\/h2>\n\n\n\n<p>\u00cen susul p\u00e2r\u00e2ului, culmile domoale, de peste 1.000 de metri, care \u00eenconjoar\u0103 lunca Ponorului au fost din cele mai vechi timpuri traversate de ciobanii care \u00ee\u0219i duceau oile de la \u0219es spre p\u0103\u0219unile alpine din Retezat, \u0218ureanu, \u021aarcu \u0219i Cindrel.<\/p>\n\n\n\n<p>Pe dealuri, nu departe de firul apei, au fost \u00eenfiin\u021bate numeroase st\u00e2ne, s\u0103la\u0219uri \u0219i ad\u0103posturi pastorale, colibe de lemn unde oamenii locuiau mai multe luni pe an, p\u00e2n\u0103 la l\u0103sarea iernii, \u00eenconjurate de p\u0103\u0219uni \u0219i de p\u0103duri de fag.<img loading=\"lazy\" decoding=\"async\" src=\"https:\/\/i0.wp.com\/cdn.adh.reperio.news\/image-8\/8dd13143-dab1-4d89-bd1e-9851e520a874\/index.jpeg?resize=800%2C501&#038;ssl=1\" alt=\"A\u0219ezare pastoral\u0103 din Mun\u021bii \u0218ureanu. Foto: Daniel Gu\u021b\u0103\" width=\"800\" height=\"501\"  data-recalc-dims=\"1\"><\/p>\n\n\n\n<p>A\u0219ezare pastoral\u0103 din Mun\u021bii \u0218ureanu. Foto: Daniel Gu\u021b\u0103<\/p>\n\n\n\n<p>\u00cen c\u0103tunele din mun\u021bi, via\u021ba gravita \u00een jurul animalelor, fiecare \u00eenc\u0103pere a st\u00e2nelor \u0219i s\u0103la\u0219elor era bine organizat\u0103, iar fiecare om avea sarcini riguroase de \u00eendeplinit, \u00eentr-o meserie ale c\u0103rei secrete au fost transmise din genera\u021bie \u00een genera\u021bie.&nbsp;<\/p>\n\n\n\n<p><em>\u201eCaracteristicile principale ale p\u0103storitului tradi\u021bional au suferit schimb\u0103ri profunde \u00een ultimele decenii \u015fi sunt, \u00een continuare, supuse modific\u0103rilor de la an la an. Se schimb\u0103 obiceiurile \u015fi locurile de p\u0103\u015funat, se degradeaz\u0103 st\u00e2nele \u015fi ansamblurile pastorale tradi\u0163ionale, se construiesc incinte noi cu ap\u0103 curent\u0103 \u015fi energie electric\u0103, cu vase de plastic \u015fi de inox, dispar re\u0163ete str\u0103vechi de preparare \u015fi p\u0103strare a produselor lactate, care miros din ce \u00een ce mai pu\u0163in a oaie, a fum \u015fi a r\u0103\u015fin\u0103 de brad. Spre deosebire de st\u00e2nele tradi\u021bionale, \u00ee\u0163i las\u0103 un gust amar caricaturile de st\u00e2ni ap\u0103rute \u00een ultimii ani la marginea ora\u015felor, cu oile p\u0103sc\u00e2nd printre gunoaie \u015fi mieii zburd\u00e2nd printre pet-uri\u201d,<\/em>&nbsp;scrie Daniel I. Iancu, cercet\u0103tor \u0219tiin\u021bific la Muzeul Civiliza\u021biei Dacice \u0219i Romane din Deva.<img loading=\"lazy\" decoding=\"async\" src=\"https:\/\/i0.wp.com\/cdn.adh.reperio.news\/image-1\/1ea8e667-d86b-48c6-943e-85fe71b80ce1\/index.jpeg?resize=800%2C501&#038;ssl=1\" alt=\"Lunca ponorului. Foto: Daniel Gu\u021b\u0103\" width=\"800\" height=\"501\"  data-recalc-dims=\"1\"><\/p>\n\n\n\n<p>Lunca ponorului. Foto: Daniel Gu\u021b\u0103<\/p>\n\n\n\n<p>Daniel Iancu a cercetat mai multe st\u00e2ne din Mun\u021bii \u0218ureanu \u0219i a observat cum, de-a lungul timpului, num\u0103rul familiilor de ciobani a sc\u0103zut \u00een zon\u0103, iar tot mai pu\u021bine din a\u0219ez\u0103rile lor sezoniere din mun\u021bi au r\u0103mas \u00eensufle\u021bite de oameni, fie doar \u0219i pentru c\u00e2teva luni pe an.<\/p>\n\n\n\n<p>Video<a href=\"https:\/\/adevarul.ro\/stiri-locale\/hunedoara\/tinutul-pitoresc-al-stanelor-din-muntii-sureanu-2213246.html\"> aici<\/a><\/p>\n\n\n\n<p>Sursa:adevarul<\/p>\n","protected":false},"excerpt":{"rendered":"<p>O lume arhaic\u0103 dominat\u0103 de a\u0219ez\u0103rile pastorale se dezv\u0103luie dincolo de Fund\u0103tura Ponorului, un loc ascuns din Mun\u021bii \u0218ureanu, devenit<\/p>\n","protected":false},"author":1,"featured_media":90928,"comment_status":"open","ping_status":"closed","sticky":false,"template":"","format":"standard","meta":{"spay_email":"","footnotes":"","jetpack_publicize_message":""},"categories":[53],"tags":[],"class_list":["post-90927","post","type-post","status-publish","format-standard","has-post-thumbnail","hentry","category-periplu-prin-romania"],"jetpack_featured_media_url":"https:\/\/i0.wp.com\/realitatearutiera.ro\/wp-content\/uploads\/2022\/10\/1-cover-sureanu.jpg?fit=950%2C554&ssl=1","jetpack_publicize_connections":[],"jetpack_sharing_enabled":true,"jetpack_shortlink":"https:\/\/wp.me\/p61naM-nEz","jetpack-related-posts":[],"_links":{"self":[{"href":"https:\/\/realitatearutiera.ro\/index.php?rest_route=\/wp\/v2\/posts\/90927","targetHints":{"allow":["GET"]}}],"collection":[{"href":"https:\/\/realitatearutiera.ro\/index.php?rest_route=\/wp\/v2\/posts"}],"about":[{"href":"https:\/\/realitatearutiera.ro\/index.php?rest_route=\/wp\/v2\/types\/post"}],"author":[{"embeddable":true,"href":"https:\/\/realitatearutiera.ro\/index.php?rest_route=\/wp\/v2\/users\/1"}],"replies":[{"embeddable":true,"href":"https:\/\/realitatearutiera.ro\/index.php?rest_route=%2Fwp%2Fv2%2Fcomments&post=90927"}],"version-history":[{"count":1,"href":"https:\/\/realitatearutiera.ro\/index.php?rest_route=\/wp\/v2\/posts\/90927\/revisions"}],"predecessor-version":[{"id":90929,"href":"https:\/\/realitatearutiera.ro\/index.php?rest_route=\/wp\/v2\/posts\/90927\/revisions\/90929"}],"wp:featuredmedia":[{"embeddable":true,"href":"https:\/\/realitatearutiera.ro\/index.php?rest_route=\/wp\/v2\/media\/90928"}],"wp:attachment":[{"href":"https:\/\/realitatearutiera.ro\/index.php?rest_route=%2Fwp%2Fv2%2Fmedia&parent=90927"}],"wp:term":[{"taxonomy":"category","embeddable":true,"href":"https:\/\/realitatearutiera.ro\/index.php?rest_route=%2Fwp%2Fv2%2Fcategories&post=90927"},{"taxonomy":"post_tag","embeddable":true,"href":"https:\/\/realitatearutiera.ro\/index.php?rest_route=%2Fwp%2Fv2%2Ftags&post=90927"}],"curies":[{"name":"wp","href":"https:\/\/api.w.org\/{rel}","templated":true}]}}