{"id":91784,"date":"2022-11-08T11:48:51","date_gmt":"2022-11-08T09:48:51","guid":{"rendered":"http:\/\/realitatearutiera.ro\/?p=91784"},"modified":"2022-11-08T11:48:52","modified_gmt":"2022-11-08T09:48:52","slug":"averizare-infotrafic-circulatie-blocata-pe-autostrada-a2-bucuresti-constanta","status":"publish","type":"post","link":"https:\/\/realitatearutiera.ro\/?p=91784","title":{"rendered":"AVERIZARE INFOTRAFIC: CIRCULA\u021aIE BLOCAT\u0102 PE AUTOSTRADA A2 BUCURE\u0218TI-CONSTAN\u021aA"},"content":{"rendered":"\n<p><strong>Ora:&nbsp;<\/strong>11:35<\/p>\n\n\n\n<p><strong>Centrul INFOTRAFIC din Inspectoratul General al Poli\u021biei Rom\u00e2ne&nbsp;<\/strong>informeaz\u0103 c\u0103 pe A2 Bucure\u0219ti-Constan\u021ba, la kilometrul 86, sensul c\u0103tre capital\u0103, traficul este blocat din cauza unui autocamion care a luat foc. Nu au fost victime.<\/p>\n\n\n\n<p><em>Traficul rutier, pe sensul c\u0103tre capital\u0103 a fost deviat, de la km 105 loc. Dragalina(jud. C\u0103l\u0103ra\u0219i), pe DN3A Drago\u0219 Vod\u0103 \u2013 Lehliu Gar\u0103<strong>.<\/strong><\/em><\/p>\n\n\n\n<p>Se estimeaz\u0103 ca circula\u021bia s\u0103 fie reluat\u0103 \u00een 30-45 de minute.<\/p>\n","protected":false},"excerpt":{"rendered":"<p>Ora:&nbsp;11:35 Centrul INFOTRAFIC din Inspectoratul General al Poli\u021biei Rom\u00e2ne&nbsp;informeaz\u0103 c\u0103 pe A2 Bucure\u0219ti-Constan\u021ba, la kilometrul 86, sensul c\u0103tre capital\u0103, traficul<\/p>\n","protected":false},"author":1,"featured_media":89165,"comment_status":"open","ping_status":"closed","sticky":false,"template":"","format":"standard","meta":{"spay_email":"","footnotes":"","jetpack_publicize_message":""},"categories":[54],"tags":[],"class_list":["post-91784","post","type-post","status-publish","format-standard","has-post-thumbnail","hentry","category-informatii-rutiere"],"jetpack_featured_media_url":"https:\/\/i2.wp.com\/realitatearutiera.ro\/wp-content\/uploads\/2022\/08\/infotrafic-e1535778443522.jpg?fit=332%2C231&ssl=1","jetpack_publicize_connections":[],"jetpack_sharing_enabled":true,"jetpack_shortlink":"https:\/\/wp.me\/p61naM-nSo","jetpack-related-posts":[],"_links":{"self":[{"href":"https:\/\/realitatearutiera.ro\/index.php?rest_route=\/wp\/v2\/posts\/91784","targetHints":{"allow":["GET"]}}],"collection":[{"href":"https:\/\/realitatearutiera.ro\/index.php?rest_route=\/wp\/v2\/posts"}],"about":[{"href":"https:\/\/realitatearutiera.ro\/index.php?rest_route=\/wp\/v2\/types\/post"}],"author":[{"embeddable":true,"href":"https:\/\/realitatearutiera.ro\/index.php?rest_route=\/wp\/v2\/users\/1"}],"replies":[{"embeddable":true,"href":"https:\/\/realitatearutiera.ro\/index.php?rest_route=%2Fwp%2Fv2%2Fcomments&post=91784"}],"version-history":[{"count":1,"href":"https:\/\/realitatearutiera.ro\/index.php?rest_route=\/wp\/v2\/posts\/91784\/revisions"}],"predecessor-version":[{"id":91785,"href":"https:\/\/realitatearutiera.ro\/index.php?rest_route=\/wp\/v2\/posts\/91784\/revisions\/91785"}],"wp:featuredmedia":[{"embeddable":true,"href":"https:\/\/realitatearutiera.ro\/index.php?rest_route=\/wp\/v2\/media\/89165"}],"wp:attachment":[{"href":"https:\/\/realitatearutiera.ro\/index.php?rest_route=%2Fwp%2Fv2%2Fmedia&parent=91784"}],"wp:term":[{"taxonomy":"category","embeddable":true,"href":"https:\/\/realitatearutiera.ro\/index.php?rest_route=%2Fwp%2Fv2%2Fcategories&post=91784"},{"taxonomy":"post_tag","embeddable":true,"href":"https:\/\/realitatearutiera.ro\/index.php?rest_route=%2Fwp%2Fv2%2Ftags&post=91784"}],"curies":[{"name":"wp","href":"https:\/\/api.w.org\/{rel}","templated":true}]}}