{"id":92245,"date":"2022-11-21T08:19:24","date_gmt":"2022-11-21T06:19:24","guid":{"rendered":"http:\/\/realitatearutiera.ro\/?p=92245"},"modified":"2022-11-21T08:19:27","modified_gmt":"2022-11-21T06:19:27","slug":"judetul-arges-trafic-restrictionat-pe-dn-65b","status":"publish","type":"post","link":"https:\/\/realitatearutiera.ro\/?p=92245","title":{"rendered":"JUDE\u021aUL ARGE\u0218: TRAFIC RESTRIC\u021aIONAT PE DN 65B"},"content":{"rendered":"\n<p><strong>Ora:&nbsp;<\/strong>07:25<\/p>\n\n\n\n<p><strong>Centrul INFOTRAFIC din Inspectoratul General al Poli\u021biei Rom\u00e2ne&nbsp;<\/strong>informeaz\u0103 c\u0103 pe DN 65B, \u00een localitatea Bradu, jude\u021bul Arge\u0219, conduc\u0103torul unui autoturism care se deplasa de pe Autostrada A1 Bucure\u0219ti &#8211; Pite\u0219ti c\u0103tre Slatina, la p\u0103trunderea \u00een intersec\u021bie, a intrat \u00een coliziune frontal\u0103 cu un autocamion. \u00cen urma impactului a rezultat decesul unei persoane din autoturism. Circula\u021bia rutier\u0103 se desf\u0103\u0219oar\u0103 pe un singur fir, alternativ, prin dirijarea poli\u021biei, valorile de trafic fiind \u00een cre\u0219tere.<\/p>\n","protected":false},"excerpt":{"rendered":"<p>Ora:&nbsp;07:25 Centrul INFOTRAFIC din Inspectoratul General al Poli\u021biei Rom\u00e2ne&nbsp;informeaz\u0103 c\u0103 pe DN 65B, \u00een localitatea Bradu, jude\u021bul Arge\u0219, conduc\u0103torul unui<\/p>\n","protected":false},"author":1,"featured_media":89165,"comment_status":"open","ping_status":"closed","sticky":false,"template":"","format":"standard","meta":{"spay_email":"","footnotes":"","jetpack_publicize_message":""},"categories":[54],"tags":[],"class_list":["post-92245","post","type-post","status-publish","format-standard","has-post-thumbnail","hentry","category-informatii-rutiere"],"jetpack_featured_media_url":"https:\/\/i2.wp.com\/realitatearutiera.ro\/wp-content\/uploads\/2022\/08\/infotrafic-e1535778443522.jpg?fit=332%2C231&ssl=1","jetpack_publicize_connections":[],"jetpack_sharing_enabled":true,"jetpack_shortlink":"https:\/\/wp.me\/p61naM-nZP","jetpack-related-posts":[],"_links":{"self":[{"href":"https:\/\/realitatearutiera.ro\/index.php?rest_route=\/wp\/v2\/posts\/92245","targetHints":{"allow":["GET"]}}],"collection":[{"href":"https:\/\/realitatearutiera.ro\/index.php?rest_route=\/wp\/v2\/posts"}],"about":[{"href":"https:\/\/realitatearutiera.ro\/index.php?rest_route=\/wp\/v2\/types\/post"}],"author":[{"embeddable":true,"href":"https:\/\/realitatearutiera.ro\/index.php?rest_route=\/wp\/v2\/users\/1"}],"replies":[{"embeddable":true,"href":"https:\/\/realitatearutiera.ro\/index.php?rest_route=%2Fwp%2Fv2%2Fcomments&post=92245"}],"version-history":[{"count":1,"href":"https:\/\/realitatearutiera.ro\/index.php?rest_route=\/wp\/v2\/posts\/92245\/revisions"}],"predecessor-version":[{"id":92246,"href":"https:\/\/realitatearutiera.ro\/index.php?rest_route=\/wp\/v2\/posts\/92245\/revisions\/92246"}],"wp:featuredmedia":[{"embeddable":true,"href":"https:\/\/realitatearutiera.ro\/index.php?rest_route=\/wp\/v2\/media\/89165"}],"wp:attachment":[{"href":"https:\/\/realitatearutiera.ro\/index.php?rest_route=%2Fwp%2Fv2%2Fmedia&parent=92245"}],"wp:term":[{"taxonomy":"category","embeddable":true,"href":"https:\/\/realitatearutiera.ro\/index.php?rest_route=%2Fwp%2Fv2%2Fcategories&post=92245"},{"taxonomy":"post_tag","embeddable":true,"href":"https:\/\/realitatearutiera.ro\/index.php?rest_route=%2Fwp%2Fv2%2Ftags&post=92245"}],"curies":[{"name":"wp","href":"https:\/\/api.w.org\/{rel}","templated":true}]}}