{"id":92247,"date":"2022-11-21T08:20:38","date_gmt":"2022-11-21T06:20:38","guid":{"rendered":"http:\/\/realitatearutiera.ro\/?p=92247"},"modified":"2022-11-21T08:20:41","modified_gmt":"2022-11-21T06:20:41","slug":"judetul-caras-severin-trafic-restrictionat-pe-dn-6","status":"publish","type":"post","link":"https:\/\/realitatearutiera.ro\/?p=92247","title":{"rendered":"JUDE\u021aUL CARA\u0218-SEVERIN: TRAFIC RESTRIC\u021aIONAT PE DN 6"},"content":{"rendered":"\n<p><strong>Ora:&nbsp;<\/strong>07:55<\/p>\n\n\n\n<p><strong>Centrul INFOTRAFIC din Inspectoratul General al Poli\u021biei Rom\u00e2ne&nbsp;<\/strong>informeaz\u0103 c\u0103 pe DN 6, la kilometrul 426, \u00een zona localit\u0103\u021bii Armeni\u0219, jude\u021bul Cara\u0219-Severin, conduc\u0103torul unui autocamion a pierdut controlul direc\u021biei de mers \u00eentr-o curb\u0103, iar remorca vehiculului a p\u0103truns pe contrasens, unde a intrat \u00een coliziune frontal\u0103 cu un autoturism. \u00cen urma impactului au rezultat 3 victime din autoturism, dintre care o persoan\u0103 a decedat, iar celelalte 2 au suferit leziuni u\u0219oare la prima vedere, fiind transportate la spital, pentru investiga\u021biile medicale necesare. Circula\u021bia rutier\u0103 este restric\u021bionat\u0103 pe sensul de mers Or\u0219ova &#8211; Caransebe\u0219, pentru efectuarea cercet\u0103rii locului faptei, valorile de trafic fiind u\u0219or ridicate, plou\u0103, carosabilul fiind umed.<\/p>\n","protected":false},"excerpt":{"rendered":"<p>Ora:&nbsp;07:55 Centrul INFOTRAFIC din Inspectoratul General al Poli\u021biei Rom\u00e2ne&nbsp;informeaz\u0103 c\u0103 pe DN 6, la kilometrul 426, \u00een zona localit\u0103\u021bii Armeni\u0219,<\/p>\n","protected":false},"author":1,"featured_media":89443,"comment_status":"open","ping_status":"closed","sticky":false,"template":"","format":"standard","meta":{"spay_email":"","footnotes":"","jetpack_publicize_message":""},"categories":[54],"tags":[],"class_list":["post-92247","post","type-post","status-publish","format-standard","has-post-thumbnail","hentry","category-informatii-rutiere"],"jetpack_featured_media_url":"https:\/\/i1.wp.com\/realitatearutiera.ro\/wp-content\/uploads\/2022\/09\/infotrafic-circulatie-de-cosmar-pe-dn1-traficul-a-fost-redirecti.jpg?fit=465%2C390&ssl=1","jetpack_publicize_connections":[],"jetpack_sharing_enabled":true,"jetpack_shortlink":"https:\/\/wp.me\/p61naM-nZR","jetpack-related-posts":[],"_links":{"self":[{"href":"https:\/\/realitatearutiera.ro\/index.php?rest_route=\/wp\/v2\/posts\/92247","targetHints":{"allow":["GET"]}}],"collection":[{"href":"https:\/\/realitatearutiera.ro\/index.php?rest_route=\/wp\/v2\/posts"}],"about":[{"href":"https:\/\/realitatearutiera.ro\/index.php?rest_route=\/wp\/v2\/types\/post"}],"author":[{"embeddable":true,"href":"https:\/\/realitatearutiera.ro\/index.php?rest_route=\/wp\/v2\/users\/1"}],"replies":[{"embeddable":true,"href":"https:\/\/realitatearutiera.ro\/index.php?rest_route=%2Fwp%2Fv2%2Fcomments&post=92247"}],"version-history":[{"count":1,"href":"https:\/\/realitatearutiera.ro\/index.php?rest_route=\/wp\/v2\/posts\/92247\/revisions"}],"predecessor-version":[{"id":92248,"href":"https:\/\/realitatearutiera.ro\/index.php?rest_route=\/wp\/v2\/posts\/92247\/revisions\/92248"}],"wp:featuredmedia":[{"embeddable":true,"href":"https:\/\/realitatearutiera.ro\/index.php?rest_route=\/wp\/v2\/media\/89443"}],"wp:attachment":[{"href":"https:\/\/realitatearutiera.ro\/index.php?rest_route=%2Fwp%2Fv2%2Fmedia&parent=92247"}],"wp:term":[{"taxonomy":"category","embeddable":true,"href":"https:\/\/realitatearutiera.ro\/index.php?rest_route=%2Fwp%2Fv2%2Fcategories&post=92247"},{"taxonomy":"post_tag","embeddable":true,"href":"https:\/\/realitatearutiera.ro\/index.php?rest_route=%2Fwp%2Fv2%2Ftags&post=92247"}],"curies":[{"name":"wp","href":"https:\/\/api.w.org\/{rel}","templated":true}]}}