{"id":92250,"date":"2022-11-21T08:23:39","date_gmt":"2022-11-21T06:23:39","guid":{"rendered":"http:\/\/realitatearutiera.ro\/?p=92250"},"modified":"2022-11-21T08:23:42","modified_gmt":"2022-11-21T06:23:42","slug":"accident-tragic-pe-dn6","status":"publish","type":"post","link":"https:\/\/realitatearutiera.ro\/?p=92250","title":{"rendered":"Accident tragic pe DN6"},"content":{"rendered":"\n<p>Un grav accident rutier a avut loc luni diminea\u021b\u0103, pe DN6, \u00een jude\u021bul Cara\u0219-Severin. Un om a murit \u0219i un altul e r\u0103nit, dup\u0103 ce un TIR \u0219i un autoturism au intrat \u00een coliziune.<img loading=\"lazy\" decoding=\"async\" src=\"https:\/\/i1.wp.com\/cdn.adh.reperio.news\/image-7\/7cb43be5-4777-46b5-a28d-ea3210ee9cf7\/index.jpeg?resize=800%2C505&#038;ssl=1\" alt=\"SMURD. FOTO arhiv\u0103 IGSU\" width=\"800\" height=\"505\"  data-recalc-dims=\"1\"><\/p>\n\n\n\n<p>SMURD. FOTO arhiv\u0103 IGSU<\/p>\n\n\n\n<p>Accidentul a avut loc \u00een zona localitatii Armeni\u0219.<\/p>\n\n\n\n<p>\u201e<em>Este implicat un TIR \u0219i un autoturism. Intervine Deta\u0219amentul de Pompieri Caransebe\u0219 (o autospecial\u0103 pentru stins incendii, una de descarcerare, o ambulan\u021b\u0103 SMURD) \u0219i un echipaj al Serviciului de Ambulan\u021b\u0103 Jude\u021bean. \u00cen urma accidentului, dou\u0103 persoane au r\u0103mas \u00eencarcerate \u00een autoturism<\/em>\u201d, explica, imediat dup\u0103 accident, Biroul de pres\u0103 al Inspectoratului pentru Situa\u021bii de Urgen\u021b\u0103 Cara\u0219-Severin.<\/p>\n\n\n\n<h2 class=\"wp-block-heading\">Una dintre victime a murit<\/h2>\n\n\n\n<p>Pentru una dintre persoanele \u00eencarcerate, echipele de interven\u021bie n-au mai putut face nimic.<\/p>\n\n\n\n<p><em>\u201eUna dintre victime a fost declarat\u0103 decedat\u0103, iar cea de-a doua, con\u0219tient\u0103, a fost transportat\u0103 la spital pentru investiga\u021bii suplimentare<\/em>), mai precizeaz\u0103 ISU Cara\u0219-Severin.<\/p>\n\n\n\n<h2 class=\"wp-block-heading\">Un alt accident, la indigo<\/h2>\n\n\n\n<p>O alt\u0103 tragedie, aproape identic\u0103, a avut loc tot luni diminea\u021b\u0103, \u00een jude\u021bul Arge\u0219, pe DN 65B, la intrare \u00een Pite\u0219ti, \u00een zona Metro. \u00cen urma impactului dintre un TIR \u0219i un autoturism au rezultat dou\u0103 victime.<br><br>Una dintre victime, \u00eencarcerat\u0103, a fost g\u0103sit\u0103 \u00een stop cardio-respirator. Omul n-a r\u0103spuns manevrelor de resuscitare.&nbsp;<\/p>\n\n\n\n<p>Cealalt\u0103 persoan\u0103 r\u0103nit\u0103 a fost preluat\u0103 de un echipaj medical.<\/p>\n\n\n\n<h2 class=\"wp-block-heading\">Recomand\u0103ri ale Poli\u021biei<\/h2>\n\n\n\n<p>Poli\u021bi\u0219tii le reamintesc tuturor conduc\u0103torilor auto c\u0103, pentru deplasarea \u00een condi\u021bii de siguran\u021b\u0103, este nevoie de respectarea c\u00e2torva recomand\u0103ri:<\/p>\n\n\n\n<p>&#8211; Nu conduce\u021bi sub influen\u021ba b\u0103uturilor alcoolice ori a&nbsp; substan\u021belor psihoactive!<\/p>\n\n\n\n<p>&nbsp;&#8211; Adapta\u021bi permanent viteza de deplasare la condi\u021biile de drum \u0219i de trafic!<\/p>\n\n\n\n<p>&#8211; Nu v\u0103 angaja\u021bi \u00een efectuarea de dep\u0103\u0219iri riscante sau neregulamentare!<\/p>\n\n\n\n<p>\u00a0&#8211; Respecta\u021bi normele rutiere privind prioritatea de trecere, indiferent c\u0103 este vorba despre pietoni sau vehicule!<\/p>\n\n\n\n<p>Sursa:adevarul<\/p>\n","protected":false},"excerpt":{"rendered":"<p>Un grav accident rutier a avut loc luni diminea\u021b\u0103, pe DN6, \u00een jude\u021bul Cara\u0219-Severin. Un om a murit \u0219i un<\/p>\n","protected":false},"author":1,"featured_media":89078,"comment_status":"open","ping_status":"closed","sticky":false,"template":"","format":"standard","meta":{"spay_email":"","footnotes":"","jetpack_publicize_message":""},"categories":[1],"tags":[],"class_list":["post-92250","post","type-post","status-publish","format-standard","has-post-thumbnail","hentry","category-uncategorized"],"jetpack_featured_media_url":"https:\/\/i1.wp.com\/realitatearutiera.ro\/wp-content\/uploads\/2022\/08\/accident-indicator-rutier-generic-a5539.jpg?fit=1200%2C802&ssl=1","jetpack_publicize_connections":[],"jetpack_sharing_enabled":true,"jetpack_shortlink":"https:\/\/wp.me\/p61naM-nZU","jetpack-related-posts":[],"_links":{"self":[{"href":"https:\/\/realitatearutiera.ro\/index.php?rest_route=\/wp\/v2\/posts\/92250","targetHints":{"allow":["GET"]}}],"collection":[{"href":"https:\/\/realitatearutiera.ro\/index.php?rest_route=\/wp\/v2\/posts"}],"about":[{"href":"https:\/\/realitatearutiera.ro\/index.php?rest_route=\/wp\/v2\/types\/post"}],"author":[{"embeddable":true,"href":"https:\/\/realitatearutiera.ro\/index.php?rest_route=\/wp\/v2\/users\/1"}],"replies":[{"embeddable":true,"href":"https:\/\/realitatearutiera.ro\/index.php?rest_route=%2Fwp%2Fv2%2Fcomments&post=92250"}],"version-history":[{"count":1,"href":"https:\/\/realitatearutiera.ro\/index.php?rest_route=\/wp\/v2\/posts\/92250\/revisions"}],"predecessor-version":[{"id":92251,"href":"https:\/\/realitatearutiera.ro\/index.php?rest_route=\/wp\/v2\/posts\/92250\/revisions\/92251"}],"wp:featuredmedia":[{"embeddable":true,"href":"https:\/\/realitatearutiera.ro\/index.php?rest_route=\/wp\/v2\/media\/89078"}],"wp:attachment":[{"href":"https:\/\/realitatearutiera.ro\/index.php?rest_route=%2Fwp%2Fv2%2Fmedia&parent=92250"}],"wp:term":[{"taxonomy":"category","embeddable":true,"href":"https:\/\/realitatearutiera.ro\/index.php?rest_route=%2Fwp%2Fv2%2Fcategories&post=92250"},{"taxonomy":"post_tag","embeddable":true,"href":"https:\/\/realitatearutiera.ro\/index.php?rest_route=%2Fwp%2Fv2%2Ftags&post=92250"}],"curies":[{"name":"wp","href":"https:\/\/api.w.org\/{rel}","templated":true}]}}