{"id":92261,"date":"2022-11-21T08:51:22","date_gmt":"2022-11-21T06:51:22","guid":{"rendered":"http:\/\/realitatearutiera.ro\/?p=92261"},"modified":"2022-11-21T08:51:25","modified_gmt":"2022-11-21T06:51:25","slug":"gestul-inconstient-al-unui-sofer-nu-a-mai-avut-rabdare-sa-treaca-trenul","status":"publish","type":"post","link":"https:\/\/realitatearutiera.ro\/?p=92261","title":{"rendered":"Gestul incon\u0219tient al unui \u0219ofer. Nu a mai avut r\u0103bdare s\u0103 treac\u0103 trenul"},"content":{"rendered":"\n<p>Dou\u0103 persoane au ajuns la spital, dup\u0103 ce ma\u0219ina \u00een care erau a fost lovit\u0103 de un tren. Totul s-a \u00eent\u00e2mplat la trecerea la nivel cu calea ferat\u0103 din Urseni, de l\u00e2ng\u0103 Timi\u0219oara. &nbsp;<\/p>\n\n\n\n<ul class=\"wp-block-list\"><\/ul>\n\n\n\n<p>Pasagera din vehicul a r\u0103mas \u00eencarcerat\u0103 \u0219i a fost nevoie de interven\u021bia pompierilor pentru scoaterea ei.<\/p>\n\n\n\n<p>\u00cen garnitura de tren ce mergea de la Lugoj spre Timi\u0219oara erau 60 de oameni, care au sc\u0103pat nev\u0103t\u0103ma\u0163i.<\/p>\n\n\n\n<p>Accidentul s-a produs pu\u021bin dup\u0103 ora 17.00, la o trecere la nivel cu calea ferat\u0103 f\u0103r\u0103 bariere, din Urseni, jude\u021bul Timi\u0219.<\/p>\n\n\n\n<p>\u0218oferul de 65 de ani al autotursimului ar fi dep\u0103\u0219it alte dou\u0103 ma\u0219ini, care a\u0219teptau trecerea trenului la indicatorul \u201e<em>Crucea Sf\u00e2ntului Andrei<\/em>&#8221; \u0219i a trecut \u00een grab\u0103 peste calea ferat\u0103, spun martorii.<\/p>\n\n\n\n<figure class=\"wp-block-image\"><a href=\"https:\/\/stirileprotv.ro\/stiri\/actualitate\/barbat-decedat-dupa-ce-masina-lui-a-fost-lovita-de-tren-la-bacau-locomotiva-a-tarat-o-400-de-metri.html\"><img decoding=\"async\" src=\"https:\/\/i1.wp.com\/image.stirileprotv.ro\/media\/images\/800x450\/Nov2022\/62301356.jpg?w=800&#038;ssl=1\" alt=\"B\u0103rbat decedat dup\u0103 ce ma\u0219ina lui a fost lovit\u0103 de tren, la Bac\u0103u. Locomotiva a t\u00e2r\u00e2t-o 400 de metri\" data-recalc-dims=\"1\"\/><\/a><\/figure>\n\n\n\n<p>\u00cen acel moment venea \u0219i garnitura de la Lugoj, iar impactul a fost inevitabil. Ma\u0219ina a fost \u00eempins\u0103 de locomotiv\u0103 aproximativ 100 de metri \u0219i s-a oprit \u00eentr-un cap de pod. Cele 60 de persoane care erau \u00een tren au tras o sperietur\u0103 puternic\u0103.<\/p>\n\n\n\n<p><strong>Femeie:<\/strong>&nbsp;\u201e<em>S-a sim\u021bit destul de tare. O bubuitur\u0103 foarte puternic\u0103\u201d.<\/em><\/p>\n\n\n\n<p><strong>Tineri:<\/strong>&nbsp;\u201e<em>Veneam \u0219i noi normal a\u0219a. Deodat\u0103 buf, pe jos, de-a rostogolul\u201d.<\/em><\/p>\n\n\n\n<p>\u00cen ma\u0219in\u0103 se mai afla \u0219i o femeie, care a r\u0103mas \u00eencarcerat\u0103 \u0219i a avut nevoie de interven\u021bia salvatorilor. Imediat, la fa\u021ba locului au intervenit pompierii, dar \u0219i medicii.<\/p>\n\n\n\n<p><strong>Alin Vicol, reprezentant ISU Timi\u015f:<\/strong>&nbsp;\u201e<em>Am eliberat victima r\u0103mas\u0103 captiv\u0103 \u0219i am predat-o personalului de la ambulan\u021b[ pentru a fi transportat\u0103 la spital\u201d.<\/em><\/p>\n\n\n\n<p>\u0218i \u0219oferul a ajuns la spital cu r\u0103ni. Din fericire, nimeni din tren nu a fost r\u0103nit, \u00eens\u0103 circula\u021bia feroviar\u0103 a fost oprit\u0103 mai bine de trei ore.<\/p>\n\n\n\n<p>Sursa:stirileprotv<\/p>\n","protected":false},"excerpt":{"rendered":"<p>Dou\u0103 persoane au ajuns la spital, dup\u0103 ce ma\u0219ina \u00een care erau a fost lovit\u0103 de un tren. Totul s-a<\/p>\n","protected":false},"author":1,"featured_media":92262,"comment_status":"open","ping_status":"closed","sticky":false,"template":"","format":"standard","meta":{"spay_email":"","footnotes":"","jetpack_publicize_message":""},"categories":[6],"tags":[],"class_list":["post-92261","post","type-post","status-publish","format-standard","has-post-thumbnail","hentry","category-social"],"jetpack_featured_media_url":"https:\/\/i2.wp.com\/realitatearutiera.ro\/wp-content\/uploads\/2022\/11\/MzBlNmIyMDMyMmZhMTJmZjdkMWQ4YzA1NTYzNzg.thumb_.jpg?fit=780%2C440&ssl=1","jetpack_publicize_connections":[],"jetpack_sharing_enabled":true,"jetpack_shortlink":"https:\/\/wp.me\/p61naM-o05","jetpack-related-posts":[],"_links":{"self":[{"href":"https:\/\/realitatearutiera.ro\/index.php?rest_route=\/wp\/v2\/posts\/92261","targetHints":{"allow":["GET"]}}],"collection":[{"href":"https:\/\/realitatearutiera.ro\/index.php?rest_route=\/wp\/v2\/posts"}],"about":[{"href":"https:\/\/realitatearutiera.ro\/index.php?rest_route=\/wp\/v2\/types\/post"}],"author":[{"embeddable":true,"href":"https:\/\/realitatearutiera.ro\/index.php?rest_route=\/wp\/v2\/users\/1"}],"replies":[{"embeddable":true,"href":"https:\/\/realitatearutiera.ro\/index.php?rest_route=%2Fwp%2Fv2%2Fcomments&post=92261"}],"version-history":[{"count":1,"href":"https:\/\/realitatearutiera.ro\/index.php?rest_route=\/wp\/v2\/posts\/92261\/revisions"}],"predecessor-version":[{"id":92263,"href":"https:\/\/realitatearutiera.ro\/index.php?rest_route=\/wp\/v2\/posts\/92261\/revisions\/92263"}],"wp:featuredmedia":[{"embeddable":true,"href":"https:\/\/realitatearutiera.ro\/index.php?rest_route=\/wp\/v2\/media\/92262"}],"wp:attachment":[{"href":"https:\/\/realitatearutiera.ro\/index.php?rest_route=%2Fwp%2Fv2%2Fmedia&parent=92261"}],"wp:term":[{"taxonomy":"category","embeddable":true,"href":"https:\/\/realitatearutiera.ro\/index.php?rest_route=%2Fwp%2Fv2%2Fcategories&post=92261"},{"taxonomy":"post_tag","embeddable":true,"href":"https:\/\/realitatearutiera.ro\/index.php?rest_route=%2Fwp%2Fv2%2Ftags&post=92261"}],"curies":[{"name":"wp","href":"https:\/\/api.w.org\/{rel}","templated":true}]}}