{"id":92264,"date":"2022-11-21T08:54:51","date_gmt":"2022-11-21T06:54:51","guid":{"rendered":"http:\/\/realitatearutiera.ro\/?p=92264"},"modified":"2022-11-21T08:54:53","modified_gmt":"2022-11-21T06:54:53","slug":"ninsori-si-ploi-abundente-in-romania","status":"publish","type":"post","link":"https:\/\/realitatearutiera.ro\/?p=92264","title":{"rendered":"Ninsori \u0219i ploi abundente \u00een Rom\u00e2nia"},"content":{"rendered":"\n<p>Ninsori \u0219i ploi puternice ne a\u0219teapt\u0103 \u0219i luni, 21 noiembrie. De\u0219i temperaturile vor fi mai ridicate \u00een sud-estul \u021b\u0103rii, fenomene de iarn\u0103 sunt anun\u021bate \u00een toat\u0103 \u021bara. Trei coduri galbene sunt \u00een vigoare.<img loading=\"lazy\" decoding=\"async\" src=\"https:\/\/i0.wp.com\/cdn.adh.reperio.news\/image-2\/26f53731-afb2-4ee4-b248-e8ca27768ef8\/index.jpeg?resize=800%2C600&#038;ssl=1\" alt=\"Ninsori \u00een nord, ploi \u00een sud FOTO Adev\u0103rul\" width=\"800\" height=\"600\"  data-recalc-dims=\"1\"><\/p>\n\n\n\n<p>Ninsori \u00een nord, ploi \u00een sud FOTO Adev\u0103rul<\/p>\n\n\n\n<p>Conform Administra\u021biei Na\u021bionale de Meteorologie (ANM), trei coduri galbene de vreme rea sunt \u00een vigoare p\u00e2n\u0103 luni sear\u0103. Un&nbsp;cod galben&nbsp;a fost emis pentru intervalul 20 noiembrie, ora 10.00 \u2013 21 noiembrie, ora 10.00, perioad\u0103 \u00een care va ploua \u00eensemnat cantitativ \u00een Oltenia, \u00een cea mai mare parte a Munteniei, precum \u0219i \u00een zonele montane aferente, p\u00e2n\u0103 la altitudini de 1700 m.<\/p>\n\n\n\n<p>Un al doilea cod galben<strong>,<\/strong>&nbsp;pentru 21 noiembrie, ora 05.00 \u2013 21 noiembrie, ora 18.00, vizeaz\u0103 ninsori moderate cantitativ. &#8220;<em>Local la altitudini \u00een general de peste 1500 m \u00een Carpa\u021bii Meridionali, precum \u0219i \u00een Carpa\u021bii Orientali \u0219i \u00een jum\u0103tatea nordic\u0103 a Moldovei va ninge moderat cantitativ \u0219i se va depune strat nou de z\u0103pad\u0103, pe alocuri \u00een jurul a 10 cm. \u00cen zona deluroas\u0103 \u0219i montan\u0103 a Moldovei, precum \u0219i \u00een Carpa\u021bii de Curbur\u0103 trec\u0103tor vor fi \u0219i precipita\u021bii mixte \u0219i izolat se va depune polei<\/em>&#8220;, a anun\u021bat ANM.<\/p>\n\n\n\n<p>ADVERTISING<\/p>\n\n\n\n<h2 class=\"wp-block-heading\">Cod galben de v\u00e2nt \u00een Oltenia \u0219i Dobrogea<\/h2>\n\n\n\n<p>Al treilea cod galben, pentru perioada 21 noiembrie, ora 05.00 \u2013 21 noiembrie, ora 18.00, prive\u0219te intensific\u0103ri ale v\u00e2ntului \u00een sudul Olteniei \u0219i \u00een Dobrogea, unde vor fi rafale de 55-60 km\/h \u0219i izolat de peste 70 km\/h \u00een zona costier\u0103. Local \u0219i temporar vor mai fi intensific\u0103ri ale v\u00e2ntului \u0219i \u00een Muntenia \u0219i Moldova, cu viteze \u00een general de 45-55 km\/h.<\/p>\n\n\n\n<h2 class=\"wp-block-heading\">Maxime de 13 grade Celsius<\/h2>\n\n\n\n<p>\u00cen Bucure\u0219ti temporar va ploua, mai ales sub form\u0103 de avers\u0103 \u0219i vor fi posibile desc\u0103rc\u0103ri electrice. Cantit\u0103\u021bile de ap\u0103 acumulate vor fi \u00een medie de 20-30 l\/mp. V\u00e2ntul va sufla \u00een general moderat (viteze de p\u00e2n\u0103 la 40-45 km\/h). Temperatura maxim\u0103 va fi cuprins\u0103 \u00eentre &nbsp;11 \u0219i 13 grade Celsius, iar cea minim\u0103 se va situa \u00eentre 5 \u0219i 7 grade Celsius.<\/p>\n\n\n\n<h2 class=\"wp-block-heading\">Precipita\u021bii excedentare \u00een sud<\/h2>\n\n\n\n<p>Conform prognozei de specialitate, \u00een s\u0103pt\u0103m\u00e2na 21 \u2013 28 noiembrie valorile termice vor fi mai ridicate dec\u00e2t cele specifice pentru aceast\u0103 s\u0103pt\u0103m\u00e2n\u0103 \u00een cea mai mare parte a \u021b\u0103rii, dar mai ales \u00een regiunile sudice \u0219i sud-estice. Cantit\u0103\u021bile de precipita\u021bii vor fi excedentare la nivelul \u00eentregii \u021b\u0103ri, dar mai ales \u00een regiunile sudice, estice \u0219i centrale.<\/p>\n\n\n\n<p>Sursa:adevarul<\/p>\n","protected":false},"excerpt":{"rendered":"<p>Ninsori \u0219i ploi puternice ne a\u0219teapt\u0103 \u0219i luni, 21 noiembrie. De\u0219i temperaturile vor fi mai ridicate \u00een sud-estul \u021b\u0103rii, fenomene<\/p>\n","protected":false},"author":1,"featured_media":92265,"comment_status":"open","ping_status":"closed","sticky":false,"template":"","format":"standard","meta":{"spay_email":"","footnotes":"","jetpack_publicize_message":""},"categories":[6],"tags":[],"class_list":["post-92264","post","type-post","status-publish","format-standard","has-post-thumbnail","hentry","category-social"],"jetpack_featured_media_url":"https:\/\/i0.wp.com\/realitatearutiera.ro\/wp-content\/uploads\/2022\/11\/ninsori-abundente_cc0a3d17e8.jpg?fit=1920%2C1080&ssl=1","jetpack_publicize_connections":[],"jetpack_sharing_enabled":true,"jetpack_shortlink":"https:\/\/wp.me\/p61naM-o08","jetpack-related-posts":[],"_links":{"self":[{"href":"https:\/\/realitatearutiera.ro\/index.php?rest_route=\/wp\/v2\/posts\/92264","targetHints":{"allow":["GET"]}}],"collection":[{"href":"https:\/\/realitatearutiera.ro\/index.php?rest_route=\/wp\/v2\/posts"}],"about":[{"href":"https:\/\/realitatearutiera.ro\/index.php?rest_route=\/wp\/v2\/types\/post"}],"author":[{"embeddable":true,"href":"https:\/\/realitatearutiera.ro\/index.php?rest_route=\/wp\/v2\/users\/1"}],"replies":[{"embeddable":true,"href":"https:\/\/realitatearutiera.ro\/index.php?rest_route=%2Fwp%2Fv2%2Fcomments&post=92264"}],"version-history":[{"count":1,"href":"https:\/\/realitatearutiera.ro\/index.php?rest_route=\/wp\/v2\/posts\/92264\/revisions"}],"predecessor-version":[{"id":92266,"href":"https:\/\/realitatearutiera.ro\/index.php?rest_route=\/wp\/v2\/posts\/92264\/revisions\/92266"}],"wp:featuredmedia":[{"embeddable":true,"href":"https:\/\/realitatearutiera.ro\/index.php?rest_route=\/wp\/v2\/media\/92265"}],"wp:attachment":[{"href":"https:\/\/realitatearutiera.ro\/index.php?rest_route=%2Fwp%2Fv2%2Fmedia&parent=92264"}],"wp:term":[{"taxonomy":"category","embeddable":true,"href":"https:\/\/realitatearutiera.ro\/index.php?rest_route=%2Fwp%2Fv2%2Fcategories&post=92264"},{"taxonomy":"post_tag","embeddable":true,"href":"https:\/\/realitatearutiera.ro\/index.php?rest_route=%2Fwp%2Fv2%2Ftags&post=92264"}],"curies":[{"name":"wp","href":"https:\/\/api.w.org\/{rel}","templated":true}]}}