{"id":92603,"date":"2022-11-29T08:27:01","date_gmt":"2022-11-29T06:27:01","guid":{"rendered":"http:\/\/realitatearutiera.ro\/?p=92603"},"modified":"2022-11-29T08:27:04","modified_gmt":"2022-11-29T06:27:04","slug":"accident-pe-dn67-in-valcea-un-autoturism-cu-patru-persoane-acrosat-de-un-autotren","status":"publish","type":"post","link":"https:\/\/realitatearutiera.ro\/?p=92603","title":{"rendered":"Accident pe DN67 \u00een V\u00e2lcea: Un autoturism cu patru persoane, acro\u0219at de un autotren"},"content":{"rendered":"\n<p><strong>Un accident rutier a avut loc, mar\u021bi diminea\u021b\u0103, pe DN 67 \u00een jude\u021bul V\u00e2lcea, Un autoturism \u00een care se aflau patru persoane, \u00eentre care doi copii, a fost acroa\u0219at de un TIR.<\/strong><\/p>\n\n\n\n<p>Potrivit ISU V\u00e2lcea, accidentul a avut loc pe DN67, \u00een localitatea Mih\u0103e\u0219ti, jude\u021bul V\u00e2lcea.<\/p>\n\n\n\n<p>Din primele informa\u021bii, un autoturism a fost acro\u0219at de un autotren.<\/p>\n\n\n\n<p>\u00cen autoturism se aflau patru persoane din care doi copii.<\/p>\n\n\n\n<p>Unul dintre copii a fost evaluat de echipajul SMURD, iar cel\u0103\u0219a\u0219t de un echipaj al Serviciului dce Ambulan\u021b\u0103.<\/p>\n\n\n\n<p>Cei doi copii prezentau excoria\u021bii minore, nefiind necesar transportul la spital.<\/p>\n\n\n\n<p>Sursa:romania24<\/p>\n","protected":false},"excerpt":{"rendered":"<p>Un accident rutier a avut loc, mar\u021bi diminea\u021b\u0103, pe DN 67 \u00een jude\u021bul V\u00e2lcea, Un autoturism \u00een care se aflau<\/p>\n","protected":false},"author":1,"featured_media":89031,"comment_status":"open","ping_status":"closed","sticky":false,"template":"","format":"standard","meta":{"spay_email":"","footnotes":"","jetpack_publicize_message":""},"categories":[1],"tags":[],"class_list":["post-92603","post","type-post","status-publish","format-standard","has-post-thumbnail","hentry","category-uncategorized"],"jetpack_featured_media_url":"https:\/\/i2.wp.com\/realitatearutiera.ro\/wp-content\/uploads\/2022\/08\/GENERAL-NOU-accident-noaptea1.jpg?fit=800%2C468&ssl=1","jetpack_publicize_connections":[],"jetpack_sharing_enabled":true,"jetpack_shortlink":"https:\/\/wp.me\/p61naM-o5B","jetpack-related-posts":[],"_links":{"self":[{"href":"https:\/\/realitatearutiera.ro\/index.php?rest_route=\/wp\/v2\/posts\/92603","targetHints":{"allow":["GET"]}}],"collection":[{"href":"https:\/\/realitatearutiera.ro\/index.php?rest_route=\/wp\/v2\/posts"}],"about":[{"href":"https:\/\/realitatearutiera.ro\/index.php?rest_route=\/wp\/v2\/types\/post"}],"author":[{"embeddable":true,"href":"https:\/\/realitatearutiera.ro\/index.php?rest_route=\/wp\/v2\/users\/1"}],"replies":[{"embeddable":true,"href":"https:\/\/realitatearutiera.ro\/index.php?rest_route=%2Fwp%2Fv2%2Fcomments&post=92603"}],"version-history":[{"count":1,"href":"https:\/\/realitatearutiera.ro\/index.php?rest_route=\/wp\/v2\/posts\/92603\/revisions"}],"predecessor-version":[{"id":92604,"href":"https:\/\/realitatearutiera.ro\/index.php?rest_route=\/wp\/v2\/posts\/92603\/revisions\/92604"}],"wp:featuredmedia":[{"embeddable":true,"href":"https:\/\/realitatearutiera.ro\/index.php?rest_route=\/wp\/v2\/media\/89031"}],"wp:attachment":[{"href":"https:\/\/realitatearutiera.ro\/index.php?rest_route=%2Fwp%2Fv2%2Fmedia&parent=92603"}],"wp:term":[{"taxonomy":"category","embeddable":true,"href":"https:\/\/realitatearutiera.ro\/index.php?rest_route=%2Fwp%2Fv2%2Fcategories&post=92603"},{"taxonomy":"post_tag","embeddable":true,"href":"https:\/\/realitatearutiera.ro\/index.php?rest_route=%2Fwp%2Fv2%2Ftags&post=92603"}],"curies":[{"name":"wp","href":"https:\/\/api.w.org\/{rel}","templated":true}]}}