{"id":92738,"date":"2022-12-05T11:21:36","date_gmt":"2022-12-05T09:21:36","guid":{"rendered":"http:\/\/realitatearutiera.ro\/?p=92738"},"modified":"2022-12-05T11:21:38","modified_gmt":"2022-12-05T09:21:38","slug":"un-tata-si-a-trimis-copilul-la-plimbare-cu-masina-pe-ulitile-satului","status":"publish","type":"post","link":"https:\/\/realitatearutiera.ro\/?p=92738","title":{"rendered":"Un tat\u0103 \u0219i-a trimis copilul la plimbare cu ma\u0219ina, pe uli\u021bile satului"},"content":{"rendered":"\n<h2 class=\"wp-block-heading\">Un b\u0103rbat de 37 de ani este anchetat de poli\u021bie dup\u0103 ce fiul s\u0103u a fost prins de poli\u021bie conduc\u00e2nd pe uli\u021bele satului. Este vorba despre un minor de 13 ani.<\/h2>\n\n\n\n<figure class=\"wp-block-image size-large is-resized\"><img loading=\"lazy\" decoding=\"async\" data-attachment-id=\"92739\" data-permalink=\"https:\/\/realitatearutiera.ro\/?attachment_id=92739\" data-orig-file=\"https:\/\/i0.wp.com\/realitatearutiera.ro\/wp-content\/uploads\/2022\/12\/image-12.png?fit=1280%2C720&amp;ssl=1\" data-orig-size=\"1280,720\" data-comments-opened=\"1\" data-image-meta=\"{&quot;aperture&quot;:&quot;0&quot;,&quot;credit&quot;:&quot;&quot;,&quot;camera&quot;:&quot;&quot;,&quot;caption&quot;:&quot;&quot;,&quot;created_timestamp&quot;:&quot;0&quot;,&quot;copyright&quot;:&quot;&quot;,&quot;focal_length&quot;:&quot;0&quot;,&quot;iso&quot;:&quot;0&quot;,&quot;shutter_speed&quot;:&quot;0&quot;,&quot;title&quot;:&quot;&quot;,&quot;orientation&quot;:&quot;0&quot;}\" data-image-title=\"image-12\" data-image-description=\"\" data-medium-file=\"https:\/\/i0.wp.com\/realitatearutiera.ro\/wp-content\/uploads\/2022\/12\/image-12.png?fit=300%2C169&amp;ssl=1\" data-large-file=\"https:\/\/i0.wp.com\/realitatearutiera.ro\/wp-content\/uploads\/2022\/12\/image-12.png?fit=800%2C450&amp;ssl=1\" src=\"https:\/\/i0.wp.com\/realitatearutiera.ro\/wp-content\/uploads\/2022\/12\/image-12.png?resize=587%2C330\" alt=\"\" class=\"wp-image-92739\" width=\"587\" height=\"330\" srcset=\"https:\/\/i0.wp.com\/realitatearutiera.ro\/wp-content\/uploads\/2022\/12\/image-12.png?resize=1024%2C576&amp;ssl=1 1024w, https:\/\/i0.wp.com\/realitatearutiera.ro\/wp-content\/uploads\/2022\/12\/image-12.png?resize=300%2C169&amp;ssl=1 300w, https:\/\/i0.wp.com\/realitatearutiera.ro\/wp-content\/uploads\/2022\/12\/image-12.png?resize=768%2C432&amp;ssl=1 768w, https:\/\/i0.wp.com\/realitatearutiera.ro\/wp-content\/uploads\/2022\/12\/image-12.png?w=1280&amp;ssl=1 1280w\" sizes=\"auto, (max-width: 587px) 100vw, 587px\" data-recalc-dims=\"1\" \/><\/figure>\n\n\n\n<p>\u00cen timp ce ac\u0163ionau pe raza localit\u0103\u0163ii C\u0103rpini\u015f, poli\u0163i\u015ftii Sec\u0163iei 7 Poli\u0163ie Rural\u0103 Sebe\u015f au efectuat semnal regulamentar de oprire a unui autoturism, dar conduc\u0103torul auto \u015fi-a continuat drumul.<\/p>\n\n\n\n<p>\u201ePoli\u0163i\u015ftii au urm\u0103rit autoturismul \u015fi l-au oprit pe o strad\u0103 l\u0103turalnic\u0103 din localitate, iar la volanul acestuia au identificat un minor, \u00een v\u00e2rst\u0103 de 13 ani, din comuna G\u00e2rbova. \u00cen urma verific\u0103rilor efectuate, poli\u0163i\u015ftii au constatat c\u0103 autoturismul i-ar fi fost \u00eencredin\u0163at t\u00e2n\u0103rului, pentru a fi condus pe drumurile publice, de c\u0103tre tat\u0103l s\u0103u, \u00een v\u00e2rst\u0103 de 39 de ani\u201d, se arat\u0103 \u00eentr-un comunicat al IPJ Alba.<\/p>\n\n\n\n<p>Cei doi sunt cerceta\u021bi pentru conducere f\u0103r\u0103 permis, respectiv \u00eencredin\u0163area unui vehicul pentru care legea prevede obligativitatea de\u0163inerii permisului de conducere, pentru a fi condus pe drumurile publice, unei persoane despre care \u015ftie c\u0103 nu de\u0163ine permis de conducere.\u00a0<\/p>\n\n\n\n<p>Sursa:realitatea<\/p>\n","protected":false},"excerpt":{"rendered":"<p>Un b\u0103rbat de 37 de ani este anchetat de poli\u021bie dup\u0103 ce fiul s\u0103u a fost prins de poli\u021bie conduc\u00e2nd<\/p>\n","protected":false},"author":1,"featured_media":92740,"comment_status":"open","ping_status":"closed","sticky":false,"template":"","format":"standard","meta":{"spay_email":"","footnotes":"","jetpack_publicize_message":""},"categories":[6],"tags":[],"class_list":["post-92738","post","type-post","status-publish","format-standard","has-post-thumbnail","hentry","category-social"],"jetpack_featured_media_url":"https:\/\/i0.wp.com\/realitatearutiera.ro\/wp-content\/uploads\/2022\/12\/1_3_195499_1583923382_02429_fav.jpg?fit=800%2C497&ssl=1","jetpack_publicize_connections":[],"jetpack_sharing_enabled":true,"jetpack_shortlink":"https:\/\/wp.me\/p61naM-o7M","jetpack-related-posts":[],"_links":{"self":[{"href":"https:\/\/realitatearutiera.ro\/index.php?rest_route=\/wp\/v2\/posts\/92738","targetHints":{"allow":["GET"]}}],"collection":[{"href":"https:\/\/realitatearutiera.ro\/index.php?rest_route=\/wp\/v2\/posts"}],"about":[{"href":"https:\/\/realitatearutiera.ro\/index.php?rest_route=\/wp\/v2\/types\/post"}],"author":[{"embeddable":true,"href":"https:\/\/realitatearutiera.ro\/index.php?rest_route=\/wp\/v2\/users\/1"}],"replies":[{"embeddable":true,"href":"https:\/\/realitatearutiera.ro\/index.php?rest_route=%2Fwp%2Fv2%2Fcomments&post=92738"}],"version-history":[{"count":1,"href":"https:\/\/realitatearutiera.ro\/index.php?rest_route=\/wp\/v2\/posts\/92738\/revisions"}],"predecessor-version":[{"id":92741,"href":"https:\/\/realitatearutiera.ro\/index.php?rest_route=\/wp\/v2\/posts\/92738\/revisions\/92741"}],"wp:featuredmedia":[{"embeddable":true,"href":"https:\/\/realitatearutiera.ro\/index.php?rest_route=\/wp\/v2\/media\/92740"}],"wp:attachment":[{"href":"https:\/\/realitatearutiera.ro\/index.php?rest_route=%2Fwp%2Fv2%2Fmedia&parent=92738"}],"wp:term":[{"taxonomy":"category","embeddable":true,"href":"https:\/\/realitatearutiera.ro\/index.php?rest_route=%2Fwp%2Fv2%2Fcategories&post=92738"},{"taxonomy":"post_tag","embeddable":true,"href":"https:\/\/realitatearutiera.ro\/index.php?rest_route=%2Fwp%2Fv2%2Ftags&post=92738"}],"curies":[{"name":"wp","href":"https:\/\/api.w.org\/{rel}","templated":true}]}}