{"id":93115,"date":"2022-12-14T11:29:41","date_gmt":"2022-12-14T09:29:41","guid":{"rendered":"http:\/\/realitatearutiera.ro\/?p=93115"},"modified":"2022-12-14T11:29:45","modified_gmt":"2022-12-14T09:29:45","slug":"accident-grav-cu-o-autoutilitara-si-un-tir-in-prahova","status":"publish","type":"post","link":"https:\/\/realitatearutiera.ro\/?p=93115","title":{"rendered":"Accident GRAV cu o autoutilitar\u0103 \u0219i un TIR, \u00een Prahova"},"content":{"rendered":"\n<h3 class=\"wp-block-heading\">Un accident rutier grav a avut loc pe DN1A, \u00een comuna M\u0103neciu, sat Cheia, jude\u021bul Prahova, \u00een care au fost implicate un TIR \u0219i o autoutilitar\u0103.<\/h3>\n\n\n\n<p>\u00cen urma impactului, o pasager\u0103 \u00een v\u00e2rst\u0103 de 46 de ani din autoutilitar\u0103 a suferit v\u0103t\u0103m\u0103ri corporale. A fost transportat\u0103 la spital pentru acordarea de \u00eengrijiri medicale de specialitate.<\/p>\n\n\n\n<p>Traficul rutier este dirijat de poli\u021bi\u0219ti.<\/p>\n\n\n\n<p>Poli\u021bia Prahova precizeaz\u0103 c\u0103 \u0219oferii implica\u021bi nu au b\u0103ut.<\/p>\n\n\n\n<p>Sursa:romania24<\/p>\n","protected":false},"excerpt":{"rendered":"<p>Un accident rutier grav a avut loc pe DN1A, \u00een comuna M\u0103neciu, sat Cheia, jude\u021bul Prahova, \u00een care au fost<\/p>\n","protected":false},"author":1,"featured_media":88977,"comment_status":"open","ping_status":"closed","sticky":false,"template":"","format":"standard","meta":{"spay_email":"","footnotes":"","jetpack_publicize_message":""},"categories":[1],"tags":[],"class_list":["post-93115","post","type-post","status-publish","format-standard","has-post-thumbnail","hentry","category-uncategorized"],"jetpack_featured_media_url":"https:\/\/i2.wp.com\/realitatearutiera.ro\/wp-content\/uploads\/2022\/08\/Accidente-rutiere-sursa-foto-playtech.ro_.jpg?fit=1501%2C859&ssl=1","jetpack_publicize_connections":[],"jetpack_sharing_enabled":true,"jetpack_shortlink":"https:\/\/wp.me\/p61naM-odR","jetpack-related-posts":[],"_links":{"self":[{"href":"https:\/\/realitatearutiera.ro\/index.php?rest_route=\/wp\/v2\/posts\/93115","targetHints":{"allow":["GET"]}}],"collection":[{"href":"https:\/\/realitatearutiera.ro\/index.php?rest_route=\/wp\/v2\/posts"}],"about":[{"href":"https:\/\/realitatearutiera.ro\/index.php?rest_route=\/wp\/v2\/types\/post"}],"author":[{"embeddable":true,"href":"https:\/\/realitatearutiera.ro\/index.php?rest_route=\/wp\/v2\/users\/1"}],"replies":[{"embeddable":true,"href":"https:\/\/realitatearutiera.ro\/index.php?rest_route=%2Fwp%2Fv2%2Fcomments&post=93115"}],"version-history":[{"count":1,"href":"https:\/\/realitatearutiera.ro\/index.php?rest_route=\/wp\/v2\/posts\/93115\/revisions"}],"predecessor-version":[{"id":93116,"href":"https:\/\/realitatearutiera.ro\/index.php?rest_route=\/wp\/v2\/posts\/93115\/revisions\/93116"}],"wp:featuredmedia":[{"embeddable":true,"href":"https:\/\/realitatearutiera.ro\/index.php?rest_route=\/wp\/v2\/media\/88977"}],"wp:attachment":[{"href":"https:\/\/realitatearutiera.ro\/index.php?rest_route=%2Fwp%2Fv2%2Fmedia&parent=93115"}],"wp:term":[{"taxonomy":"category","embeddable":true,"href":"https:\/\/realitatearutiera.ro\/index.php?rest_route=%2Fwp%2Fv2%2Fcategories&post=93115"},{"taxonomy":"post_tag","embeddable":true,"href":"https:\/\/realitatearutiera.ro\/index.php?rest_route=%2Fwp%2Fv2%2Ftags&post=93115"}],"curies":[{"name":"wp","href":"https:\/\/api.w.org\/{rel}","templated":true}]}}