{"id":93899,"date":"2023-01-10T08:47:41","date_gmt":"2023-01-10T06:47:41","guid":{"rendered":"http:\/\/realitatearutiera.ro\/?p=93899"},"modified":"2023-01-10T08:47:45","modified_gmt":"2023-01-10T06:47:45","slug":"accident-in-drobeta-turnu-severin","status":"publish","type":"post","link":"https:\/\/realitatearutiera.ro\/?p=93899","title":{"rendered":"Accident \u00een Drobeta Turnu Severin"},"content":{"rendered":"\n<p><strong>Accident rutier, luni sear\u0103, produs \u00een municipiul Drobeta Turnu Severin.<\/strong><\/p>\n\n\n<div class=\"wp-block-image\">\n<figure class=\"aligncenter\"><img decoding=\"async\" src=\"https:\/\/i2.wp.com\/romania24.ro\/wp-content\/uploads\/2023\/01\/mh-1.jpg?w=800&#038;ssl=1\" alt=\"\" class=\"wp-image-463912\" data-recalc-dims=\"1\"\/><\/figure>\n<\/div>\n\n\n<p>\u00cen urma accidentului, \u00een care au fost implicate trei autoturisme, a rezultat o victim\u0103 con\u0219tient\u0103, o femeie \u00een v\u00e2rst\u0103 de aproximativ 35 de ani, care a fost transportat\u0103 la Unitatea de Primiri Urgen\u021be.<\/p>\n\n\n<div class=\"wp-block-image\">\n<figure class=\"aligncenter\"><img decoding=\"async\" src=\"https:\/\/i1.wp.com\/romania24.ro\/wp-content\/uploads\/2023\/01\/mh2.jpg?w=800&#038;ssl=1\" alt=\"\" class=\"wp-image-463913\" data-recalc-dims=\"1\"\/><\/figure>\n<\/div>\n\n\n<p>Echipajul SMURD a evaluat \u0219i restul persoanelor implicate, acestea refuz\u00e2nd transportul la spital.<\/p>\n\n\n\n<figure class=\"wp-block-image\"><img decoding=\"async\" src=\"https:\/\/i0.wp.com\/romania24.ro\/wp-content\/uploads\/2023\/01\/hm.jpg?w=800&#038;ssl=1\" alt=\"hm\" class=\"wp-image-463914\" data-recalc-dims=\"1\"\/><\/figure>\n\n\n\n<p>Sursa:romania24<\/p>\n","protected":false},"excerpt":{"rendered":"<p>Accident rutier, luni sear\u0103, produs \u00een municipiul Drobeta Turnu Severin. \u00cen urma accidentului, \u00een care au fost implicate trei autoturisme,<\/p>\n","protected":false},"author":1,"featured_media":89090,"comment_status":"open","ping_status":"closed","sticky":false,"template":"","format":"standard","meta":{"spay_email":"","footnotes":"","jetpack_publicize_message":""},"categories":[1],"tags":[],"class_list":["post-93899","post","type-post","status-publish","format-standard","has-post-thumbnail","hentry","category-uncategorized"],"jetpack_featured_media_url":"https:\/\/i2.wp.com\/realitatearutiera.ro\/wp-content\/uploads\/2022\/08\/nou-politia-accident-general-scaled-e1650044190319.jpeg?fit=800%2C450&ssl=1","jetpack_publicize_connections":[],"jetpack_sharing_enabled":true,"jetpack_shortlink":"https:\/\/wp.me\/p61naM-oqv","jetpack-related-posts":[],"_links":{"self":[{"href":"https:\/\/realitatearutiera.ro\/index.php?rest_route=\/wp\/v2\/posts\/93899","targetHints":{"allow":["GET"]}}],"collection":[{"href":"https:\/\/realitatearutiera.ro\/index.php?rest_route=\/wp\/v2\/posts"}],"about":[{"href":"https:\/\/realitatearutiera.ro\/index.php?rest_route=\/wp\/v2\/types\/post"}],"author":[{"embeddable":true,"href":"https:\/\/realitatearutiera.ro\/index.php?rest_route=\/wp\/v2\/users\/1"}],"replies":[{"embeddable":true,"href":"https:\/\/realitatearutiera.ro\/index.php?rest_route=%2Fwp%2Fv2%2Fcomments&post=93899"}],"version-history":[{"count":1,"href":"https:\/\/realitatearutiera.ro\/index.php?rest_route=\/wp\/v2\/posts\/93899\/revisions"}],"predecessor-version":[{"id":93900,"href":"https:\/\/realitatearutiera.ro\/index.php?rest_route=\/wp\/v2\/posts\/93899\/revisions\/93900"}],"wp:featuredmedia":[{"embeddable":true,"href":"https:\/\/realitatearutiera.ro\/index.php?rest_route=\/wp\/v2\/media\/89090"}],"wp:attachment":[{"href":"https:\/\/realitatearutiera.ro\/index.php?rest_route=%2Fwp%2Fv2%2Fmedia&parent=93899"}],"wp:term":[{"taxonomy":"category","embeddable":true,"href":"https:\/\/realitatearutiera.ro\/index.php?rest_route=%2Fwp%2Fv2%2Fcategories&post=93899"},{"taxonomy":"post_tag","embeddable":true,"href":"https:\/\/realitatearutiera.ro\/index.php?rest_route=%2Fwp%2Fv2%2Ftags&post=93899"}],"curies":[{"name":"wp","href":"https:\/\/api.w.org\/{rel}","templated":true}]}}