{"id":93981,"date":"2023-01-11T11:18:08","date_gmt":"2023-01-11T09:18:08","guid":{"rendered":"http:\/\/realitatearutiera.ro\/?p=93981"},"modified":"2023-01-11T11:18:11","modified_gmt":"2023-01-11T09:18:11","slug":"calatori-uitati-in-autobuz-soferul-a-plecat-la-cumparaturi","status":"publish","type":"post","link":"https:\/\/realitatearutiera.ro\/?p=93981","title":{"rendered":"C\u0103l\u0103tori uita\u021bi \u00een autobuz. \u0218oferul a plecat la cump\u0103r\u0103turi"},"content":{"rendered":"\n<p>Situa\u021bie st\u00e2njenitoare, \u00een miezul zilei, \u00een Suceava, unde c\u0103l\u0103torii unui autobuz de pe o linie secundar\u0103 au fost uita\u021bi \u00een mijlocul de transport, cu u\u0219ile \u00eenchise, \u00een timp ce \u0219oferul a plecat s\u0103 \u00ee\u0219i cumpere ceva de m\u00e2ncare.<\/p>\n\n\n\n<ul class=\"wp-block-list\"><\/ul>\n\n\n\n<p>Evenimentul s-a petrecut \u00een sta\u021bia Orizont, din cartierul Burdujeni, unde microbuzul de pe linia 22, care venea din Burdujeni Sat, a ajuns, dar c\u0103l\u0103torii nu au avut cum s\u0103 coboare.<\/p>\n\n\n\n<p>Cu g\u00e2ndul s\u0103 \u00ee\u0219i ia ceva de m\u00e2ncare, \u0219oferul de autobuz a cobor\u00e2t s\u0103 mearg\u0103 la chio\u0219curile din zon\u0103, uit\u00e2nd c\u0103 are \u00een ma\u0219in\u0103 c\u0103l\u0103tori, c\u0103rora trebuia s\u0103 le deschid\u0103 u\u0219ile.<\/p>\n\n\n\n<p>\u201cNe-a l\u0103sat aproximativ 10 minute \u00een autobuz. Am ajuns \u00een sta\u021bie la 15.33 \u0219i la 15.42 a revenit \u0219i a deschis u\u0219ile. Nu am p\u0103\u021bit a\u0219a ceva niciodat\u0103&#8230; Am b\u0103tut \u00een geam, s\u0103 ne aud\u0103 cineva, s\u0103 \u00eel anun\u021be c\u0103 suntem acolo, dar nimic. Am sunat pe numerele de telefon de la TPL, nu a r\u0103spuns nimeni. Mai era o femeie care se gr\u0103bea s\u0103 ia copilul de la gr\u0103dini\u021b\u0103&#8230; Asta e b\u0103taie de joc. A\u0219a cum b\u0103taie de joc este \u0219i cum au schimbat traseele microbuzelor, de ajung doar p\u00e2n\u0103 la Orizont\u201d, a spus un c\u0103l\u0103tor, conform Monitorul de Suceava.<\/p>\n\n\n\n<p>Sursa:stirileprotv<\/p>\n","protected":false},"excerpt":{"rendered":"<p>Situa\u021bie st\u00e2njenitoare, \u00een miezul zilei, \u00een Suceava, unde c\u0103l\u0103torii unui autobuz de pe o linie secundar\u0103 au fost uita\u021bi \u00een<\/p>\n","protected":false},"author":1,"featured_media":90657,"comment_status":"open","ping_status":"closed","sticky":false,"template":"","format":"standard","meta":{"spay_email":"","footnotes":"","jetpack_publicize_message":""},"categories":[6],"tags":[],"class_list":["post-93981","post","type-post","status-publish","format-standard","has-post-thumbnail","hentry","category-social"],"jetpack_featured_media_url":"https:\/\/i1.wp.com\/realitatearutiera.ro\/wp-content\/uploads\/2022\/10\/autobuz-control-politia-vrancea-e1665425606299.jpeg?fit=800%2C486&ssl=1","jetpack_publicize_connections":[],"jetpack_sharing_enabled":true,"jetpack_shortlink":"https:\/\/wp.me\/p61naM-orP","jetpack-related-posts":[],"_links":{"self":[{"href":"https:\/\/realitatearutiera.ro\/index.php?rest_route=\/wp\/v2\/posts\/93981","targetHints":{"allow":["GET"]}}],"collection":[{"href":"https:\/\/realitatearutiera.ro\/index.php?rest_route=\/wp\/v2\/posts"}],"about":[{"href":"https:\/\/realitatearutiera.ro\/index.php?rest_route=\/wp\/v2\/types\/post"}],"author":[{"embeddable":true,"href":"https:\/\/realitatearutiera.ro\/index.php?rest_route=\/wp\/v2\/users\/1"}],"replies":[{"embeddable":true,"href":"https:\/\/realitatearutiera.ro\/index.php?rest_route=%2Fwp%2Fv2%2Fcomments&post=93981"}],"version-history":[{"count":1,"href":"https:\/\/realitatearutiera.ro\/index.php?rest_route=\/wp\/v2\/posts\/93981\/revisions"}],"predecessor-version":[{"id":93982,"href":"https:\/\/realitatearutiera.ro\/index.php?rest_route=\/wp\/v2\/posts\/93981\/revisions\/93982"}],"wp:featuredmedia":[{"embeddable":true,"href":"https:\/\/realitatearutiera.ro\/index.php?rest_route=\/wp\/v2\/media\/90657"}],"wp:attachment":[{"href":"https:\/\/realitatearutiera.ro\/index.php?rest_route=%2Fwp%2Fv2%2Fmedia&parent=93981"}],"wp:term":[{"taxonomy":"category","embeddable":true,"href":"https:\/\/realitatearutiera.ro\/index.php?rest_route=%2Fwp%2Fv2%2Fcategories&post=93981"},{"taxonomy":"post_tag","embeddable":true,"href":"https:\/\/realitatearutiera.ro\/index.php?rest_route=%2Fwp%2Fv2%2Ftags&post=93981"}],"curies":[{"name":"wp","href":"https:\/\/api.w.org\/{rel}","templated":true}]}}