{"id":93989,"date":"2023-01-11T11:50:55","date_gmt":"2023-01-11T09:50:55","guid":{"rendered":"http:\/\/realitatearutiera.ro\/?p=93989"},"modified":"2023-01-11T11:50:58","modified_gmt":"2023-01-11T09:50:58","slug":"accident-in-localitatea-ineu-arad","status":"publish","type":"post","link":"https:\/\/realitatearutiera.ro\/?p=93989","title":{"rendered":"Accident \u00een localitatea Ineu-Arad"},"content":{"rendered":"\n<p><strong>Patru persoane au fost implicate \u00eentr-un accident rutier produs, miercuri la amiaz\u0103, \u00een localitatea Ineu din jude\u021bul Arad.<\/strong><\/p>\n\n\n\n<p>Accidentul s-a produs \u00een localitatea Ineu, pe strada Avram Iancu intersec\u021biue cu strada Horia.<\/p>\n\n\n\n<p>Din primele informa\u021bii, \u00een coliziune au fost implicate dou\u0103 autoturisme \u00een care se aflau patru persoane.<\/p>\n\n\n\n<p>Potrivit Serviciului Jude\u021bean de Ambulan\u021b\u0103 Arad, persoanele implicate \u00een accident sunr con\u0219tiente, ne\u00eencarcerate.<\/p>\n\n\n\n<p>Victimele au primit ajutor medical la fa\u021ba locului, trei ditre acestea fiind transportate la spital.<\/p>\n\n\n\n<p><em>\u0218tire in actuaizare<\/em><\/p>\n","protected":false},"excerpt":{"rendered":"<p>Patru persoane au fost implicate \u00eentr-un accident rutier produs, miercuri la amiaz\u0103, \u00een localitatea Ineu din jude\u021bul Arad. Accidentul s-a<\/p>\n","protected":false},"author":1,"featured_media":89031,"comment_status":"open","ping_status":"closed","sticky":false,"template":"","format":"standard","meta":{"spay_email":"","footnotes":"","jetpack_publicize_message":""},"categories":[1],"tags":[],"class_list":["post-93989","post","type-post","status-publish","format-standard","has-post-thumbnail","hentry","category-uncategorized"],"jetpack_featured_media_url":"https:\/\/i2.wp.com\/realitatearutiera.ro\/wp-content\/uploads\/2022\/08\/GENERAL-NOU-accident-noaptea1.jpg?fit=800%2C468&ssl=1","jetpack_publicize_connections":[],"jetpack_sharing_enabled":true,"jetpack_shortlink":"https:\/\/wp.me\/p61naM-orX","jetpack-related-posts":[],"_links":{"self":[{"href":"https:\/\/realitatearutiera.ro\/index.php?rest_route=\/wp\/v2\/posts\/93989","targetHints":{"allow":["GET"]}}],"collection":[{"href":"https:\/\/realitatearutiera.ro\/index.php?rest_route=\/wp\/v2\/posts"}],"about":[{"href":"https:\/\/realitatearutiera.ro\/index.php?rest_route=\/wp\/v2\/types\/post"}],"author":[{"embeddable":true,"href":"https:\/\/realitatearutiera.ro\/index.php?rest_route=\/wp\/v2\/users\/1"}],"replies":[{"embeddable":true,"href":"https:\/\/realitatearutiera.ro\/index.php?rest_route=%2Fwp%2Fv2%2Fcomments&post=93989"}],"version-history":[{"count":1,"href":"https:\/\/realitatearutiera.ro\/index.php?rest_route=\/wp\/v2\/posts\/93989\/revisions"}],"predecessor-version":[{"id":93990,"href":"https:\/\/realitatearutiera.ro\/index.php?rest_route=\/wp\/v2\/posts\/93989\/revisions\/93990"}],"wp:featuredmedia":[{"embeddable":true,"href":"https:\/\/realitatearutiera.ro\/index.php?rest_route=\/wp\/v2\/media\/89031"}],"wp:attachment":[{"href":"https:\/\/realitatearutiera.ro\/index.php?rest_route=%2Fwp%2Fv2%2Fmedia&parent=93989"}],"wp:term":[{"taxonomy":"category","embeddable":true,"href":"https:\/\/realitatearutiera.ro\/index.php?rest_route=%2Fwp%2Fv2%2Fcategories&post=93989"},{"taxonomy":"post_tag","embeddable":true,"href":"https:\/\/realitatearutiera.ro\/index.php?rest_route=%2Fwp%2Fv2%2Ftags&post=93989"}],"curies":[{"name":"wp","href":"https:\/\/api.w.org\/{rel}","templated":true}]}}