{"id":94805,"date":"2023-02-01T11:05:40","date_gmt":"2023-02-01T09:05:40","guid":{"rendered":"http:\/\/realitatearutiera.ro\/?p=94805"},"modified":"2023-02-01T11:05:43","modified_gmt":"2023-02-01T09:05:43","slug":"restrictii-de-circulatie-pe-autostrada-a1-bucuresti-pitesti-2","status":"publish","type":"post","link":"https:\/\/realitatearutiera.ro\/?p=94805","title":{"rendered":"Restric\u021bii de circula\u021bie pe Autostrada A1 Bucure\u0219ti \u2013 Pite\u0219ti"},"content":{"rendered":"\n<p><strong>Restric\u021bii de trafic miercuri, 1 februarie 2023, pe tronsoane de drum de pe Autostrada A1 Bucure\u0219ti \u2013 Pite\u0219ti. Se efectueaz\u0103 lucr\u0103ri de repara\u021bii asfaltice.<\/strong><\/p>\n\n\n\n<p>Potrivit Centrului INFOTRAFIC din Inspectoratul General al Poli\u021biei Rom\u00e2ne informeaz\u0103 c\u0103 miercuri, 1 februarie 2023, \u00een intervalul orar 10.00 \u2013 13.00, pe Autostrada A1 pe sensul Pite\u0219ti c\u0103tre Bucure\u0219ti, \u00eentre kilometrii 49 \u0219i 44, se va restric\u021biona traficul progresiv \u0219i alternativ, pentru efectuarea de repara\u021bii asfaltice.<\/p>\n\n\n\n<p>\u00cen intervalul orar 10.00 \u2013 15.00, pe acela\u0219i sens, la kilometrul 115+250 metri, \u00een zona municipiului Pite\u0219ti, jude\u021bul Arge\u0219, se va restric\u021biona circula\u021bia pe prima band\u0103 pentru repara\u021bii la rosturile de dilata\u021bie a podului.<\/p>\n\n\n\n<p>Poli\u021bi\u0219tii recomand\u0103 conduc\u0103torilor auto s\u0103 ruleze cu pruden\u021b\u0103 sporit\u0103, s\u0103 creasc\u0103 distan\u021ba de siguran\u021b\u0103 \u00eentre autovehicule \u015fi s\u0103 se asigure temeinic \u00eenaintea schimb\u0103rii benzii, semnaliz\u00e2nd din timp aceast\u0103 inten\u021bie.<\/p>\n\n\n\n<p>\u201dNu opri\u021bi \u00een mod nejustificat pe banda de urgen\u021b\u0103!\u201d<\/p>\n\n\n\n<p>Sursa:romania24<\/p>\n","protected":false},"excerpt":{"rendered":"<p>Restric\u021bii de trafic miercuri, 1 februarie 2023, pe tronsoane de drum de pe Autostrada A1 Bucure\u0219ti \u2013 Pite\u0219ti. Se efectueaz\u0103<\/p>\n","protected":false},"author":1,"featured_media":94806,"comment_status":"open","ping_status":"closed","sticky":false,"template":"","format":"standard","meta":{"spay_email":"","footnotes":"","jetpack_publicize_message":""},"categories":[54],"tags":[],"class_list":["post-94805","post","type-post","status-publish","format-standard","has-post-thumbnail","hentry","category-informatii-rutiere"],"jetpack_featured_media_url":"https:\/\/realitatearutiera.ro\/wp-content\/uploads\/2023\/02\/https___www.promotor.ro_wp-content_uploads_2021_10_Restrictii-de-trafic-pe-Autostrada-Soarelui.-Zonele-unde-au-loc-reparatii-1024x575-1.webp","jetpack_publicize_connections":[],"jetpack_sharing_enabled":true,"jetpack_shortlink":"https:\/\/wp.me\/p61naM-oF7","jetpack-related-posts":[],"_links":{"self":[{"href":"https:\/\/realitatearutiera.ro\/index.php?rest_route=\/wp\/v2\/posts\/94805","targetHints":{"allow":["GET"]}}],"collection":[{"href":"https:\/\/realitatearutiera.ro\/index.php?rest_route=\/wp\/v2\/posts"}],"about":[{"href":"https:\/\/realitatearutiera.ro\/index.php?rest_route=\/wp\/v2\/types\/post"}],"author":[{"embeddable":true,"href":"https:\/\/realitatearutiera.ro\/index.php?rest_route=\/wp\/v2\/users\/1"}],"replies":[{"embeddable":true,"href":"https:\/\/realitatearutiera.ro\/index.php?rest_route=%2Fwp%2Fv2%2Fcomments&post=94805"}],"version-history":[{"count":1,"href":"https:\/\/realitatearutiera.ro\/index.php?rest_route=\/wp\/v2\/posts\/94805\/revisions"}],"predecessor-version":[{"id":94807,"href":"https:\/\/realitatearutiera.ro\/index.php?rest_route=\/wp\/v2\/posts\/94805\/revisions\/94807"}],"wp:featuredmedia":[{"embeddable":true,"href":"https:\/\/realitatearutiera.ro\/index.php?rest_route=\/wp\/v2\/media\/94806"}],"wp:attachment":[{"href":"https:\/\/realitatearutiera.ro\/index.php?rest_route=%2Fwp%2Fv2%2Fmedia&parent=94805"}],"wp:term":[{"taxonomy":"category","embeddable":true,"href":"https:\/\/realitatearutiera.ro\/index.php?rest_route=%2Fwp%2Fv2%2Fcategories&post=94805"},{"taxonomy":"post_tag","embeddable":true,"href":"https:\/\/realitatearutiera.ro\/index.php?rest_route=%2Fwp%2Fv2%2Ftags&post=94805"}],"curies":[{"name":"wp","href":"https:\/\/api.w.org\/{rel}","templated":true}]}}